{"id":621,"date":"2019-07-07T11:03:55","date_gmt":"2019-07-07T11:03:55","guid":{"rendered":"http:\/\/eludementsusega.ee\/?p=621"},"modified":"2019-07-07T11:03:55","modified_gmt":"2019-07-07T11:03:55","slug":"malukohvikud-on-vajalikud-ja-eestis-hasti-vastu-voetud","status":"publish","type":"post","link":"https:\/\/dementsus.ee\/ru\/malukohvikud-on-vajalikud-ja-eestis-hasti-vastu-voetud\/","title":{"rendered":"M\u00e4lukohvikud on vajalikud ja Eestis h\u00e4sti vastu v\u00f5etud"},"content":{"rendered":"<p>2019 aasta alguses Eestis esmakordselt toimunud m\u00e4lukohvikud on dementsusega inimeste perede poolt h\u00e4sti vastu v\u00f5etud ning kaheksandat korda toimuv m\u00e4lukohvik avab uksed 2. augustil <a href=\"https:\/\/xn--kohvikutepev-pcb.ee\/et\/hiiumaa-kohvikutepaeev\/soru-muuseumi-maelukohvik\/363\">Hiiumaa kohvikutep\u00e4eval S\u00f5ru Muuseumis<\/a>.<\/p>\n<p>Tugigruppide algusp\u00e4evadest pidevalt kaasas h\u00f5ljunud m\u00e4lukohviku idee on sellel aastal\u00a0 teoks saanud. Omastehooldajatelt on tulnud soove minna \u00fcheskoos oma dementsusega l\u00e4hedasega kohta, kus on turvaline atmosf\u00e4\u00e4r ning kus keegi ei pane pahaks erilist v\u00f5i teistmoodi k\u00e4itumist. M\u00e4lukohvikus saavad m\u00f5nusalt koos olla ja suhelda dementsusega inimesed, nende l\u00e4hedased ja kogukonna liikmed. K\u00f5ik, kes soovivad neid inimesi aidata, on oodatud kohvile.<\/p>\n<p>Dementsuse s\u00fcndroomi all kannatavad inimesed peavad\u00a0 iga p\u00e4ev toime tulema raskustega, mis nende tervislik seisund neile p\u00f5hjustab. Nad peavad kohanema ja hakkama saama pidevalt muutuvas maailmas, kus iga p\u00e4ev on vaja kiirelt tegutseda, vastuseid anda, meelde j\u00e4tta ja \u00f5ppida. Kuid just need oskused dementsuse s\u00fcndroomi korral j\u00e4rkj\u00e4rgult kaovad ning see p\u00f5hjustab segadust ja abitust. Lihtsalt kellegagi vestlemine\u00a0 v\u00f5ib olla m\u00e4rkimisv\u00e4\u00e4rselt suureks abiks dementsuse s\u00fcndroomiga inimesele v\u00f5i omastehooldajale. Kokku tullakse selleks, et luua tutvusi, toetada ja nautida koosolemist.<\/p>\n<p>M\u00e4lukohvikute idee p\u00e4rineb Euroopast ja Eestis alustasid esimesed kohvikud Tallinna Teletornis, Kumu Kunstimuuseumis ja Saue P\u00e4evakeskuses. Kokku\u00a0 korraldasime 7 kohvikut, kuhu iga kord tuli kokku t\u00e4pselt nii palju inimesi kui eeldasime &#8212; keskmiselt 25 inimest.<\/p>\n<p>M\u00e4lukohvik on m\u00f5eldud suhtlemiseks, kuid on v\u00e4ga hea, kui m\u00e4lukohvikus on ka programm v\u00f5i teema, millele keskenduda, see loob meeleolu ja p\u00f5nevust. Esimesel korral Teletornis tutvusime Dolores Hoffmanni vitraa\u017eiga, teisel korral n\u00e4itusega \u201eGeeniaalne\u201c ning kolmandal korral tegime Teletorni \u00f5uelala pannkoogi-hommikut. Kumus tutvusime kunstiteostega, millel kujutati muusikat ja korraldasime soovikontserdi. Teisel kohviku\u00fcritusel tutvusime kunstiteostega, millel oli kujutatud toitu ja valmistasime ise tervisliku salati.<\/p>\n<p>Saue p\u00e4evakeskuses aga kohtuti toreda hobikunstiku Mall Lauriga ning \u00f5piti Hiina enesemassaa\u017ei v\u00f5tteid.<\/p>\n<p>Suvel, 2. augustil aga reisis m\u00e4lukohvik Hiiumaale kohvikutep\u00e4evale S\u00f5ru Muuseumisse.<\/p>\n<p>M\u00e4lukohvikute tegevust saad toetada annetuskeskkonnas <a href=\"https:\/\/www.armastanaidata.ee\/annetan\/tugev-uhiskond\/mtu-elu-dementsusega-tulevik-on-maletamist-vaart-koos-suudame-rohkem?fbclid=IwAR1qaVaR4J5xsN4LnexP73cvUs2iAVgssYKk4IVzJG5V-pK20VQv_ltnoHw\">ArmastanAidata<\/a>!<\/p>\n<p><em>Kirjutanud: Hanna-Stiina Heinmets, M\u00e4lukohvikute idee algataja, eestvedaja ja korraldaja, MT\u00dc Elu Dementsusega juhatuse esimees<\/em><\/p>\n<p>&nbsp;<\/p>\n","protected":false},"excerpt":{"rendered":"<p>2019 aasta alguses Eestis esmakordselt toimunud m\u00e4lukohvikud on dementsusega inimeste perede poolt h\u00e4sti vastu v\u00f5etud ning kaheksandat korda toimuv m\u00e4lukohvik avab uksed 2. augustil Hiiumaa kohvikutep\u00e4eval S\u00f5ru Muuseumis. Tugigruppide algusp\u00e4evadest pidevalt kaasas h\u00f5ljunud m\u00e4lukohviku idee on sellel aastal\u00a0 teoks saanud. Omastehooldajatelt on tulnud soove minna \u00fcheskoos oma dementsusega l\u00e4hedasega kohta, kus on turvaline atmosf\u00e4\u00e4r ning [&hellip;]<\/p>\n","protected":false},"author":2,"featured_media":0,"comment_status":"open","ping_status":"open","sticky":false,"template":"","format":"standard","meta":{"footnotes":""},"categories":[1],"tags":[],"autor":[],"class_list":["post-621","post","type-post","status-publish","format-standard","hentry","category-maaratlemata"],"yoast_head":"<!-- This site is optimized with the Yoast SEO plugin v26.2 - https:\/\/yoast.com\/wordpress\/plugins\/seo\/ -->\n<title>M\u00e4lukohvikud on vajalikud ja Eestis h\u00e4sti vastu v\u00f5etud - Dementsuse Kompetentsikeskus<\/title>\n<meta name=\"robots\" content=\"index, follow, max-snippet:-1, max-image-preview:large, max-video-preview:-1\" \/>\n<link rel=\"canonical\" href=\"https:\/\/dementsus.ee\/ru\/malukohvikud-on-vajalikud-ja-eestis-hasti-vastu-voetud\/\" \/>\n<meta property=\"og:locale\" content=\"ru_RU\" \/>\n<meta property=\"og:type\" content=\"article\" \/>\n<meta property=\"og:title\" content=\"M\u00e4lukohvikud on vajalikud ja Eestis h\u00e4sti vastu v\u00f5etud - Dementsuse Kompetentsikeskus\" \/>\n<meta property=\"og:description\" content=\"2019 aasta alguses Eestis esmakordselt toimunud m\u00e4lukohvikud on dementsusega inimeste perede poolt h\u00e4sti vastu v\u00f5etud ning kaheksandat korda toimuv m\u00e4lukohvik avab uksed 2. augustil Hiiumaa kohvikutep\u00e4eval S\u00f5ru Muuseumis. Tugigruppide algusp\u00e4evadest pidevalt kaasas h\u00f5ljunud m\u00e4lukohviku idee on sellel aastal\u00a0 teoks saanud. Omastehooldajatelt on tulnud soove minna \u00fcheskoos oma dementsusega l\u00e4hedasega kohta, kus on turvaline atmosf\u00e4\u00e4r ning [&hellip;]\" \/>\n<meta property=\"og:url\" content=\"https:\/\/dementsus.ee\/ru\/malukohvikud-on-vajalikud-ja-eestis-hasti-vastu-voetud\/\" \/>\n<meta property=\"og:site_name\" content=\"Dementsuse Kompetentsikeskus\" \/>\n<meta property=\"article:published_time\" content=\"2019-07-07T11:03:55+00:00\" \/>\n<meta name=\"author\" content=\"Kermo\" \/>\n<meta name=\"twitter:card\" content=\"summary_large_image\" \/>\n<meta name=\"twitter:label1\" content=\"\u041d\u0430\u043f\u0438\u0441\u0430\u043d\u043e \u0430\u0432\u0442\u043e\u0440\u043e\u043c\" \/>\n\t<meta name=\"twitter:data1\" content=\"Kermo\" \/>\n\t<meta name=\"twitter:label2\" content=\"\u041f\u0440\u0438\u043c\u0435\u0440\u043d\u043e\u0435 \u0432\u0440\u0435\u043c\u044f \u0434\u043b\u044f \u0447\u0442\u0435\u043d\u0438\u044f\" \/>\n\t<meta name=\"twitter:data2\" content=\"2 \u043c\u0438\u043d\u0443\u0442\u044b\" \/>\n<script type=\"application\/ld+json\" class=\"yoast-schema-graph\">{\"@context\":\"https:\/\/schema.org\",\"@graph\":[{\"@type\":\"Article\",\"@id\":\"https:\/\/dementsus.ee\/ru\/malukohvikud-on-vajalikud-ja-eestis-hasti-vastu-voetud\/#article\",\"isPartOf\":{\"@id\":\"https:\/\/dementsus.ee\/ru\/malukohvikud-on-vajalikud-ja-eestis-hasti-vastu-voetud\/\"},\"author\":{\"name\":\"Kermo\",\"@id\":\"https:\/\/dementsus.ee\/ru\/#\/schema\/person\/dd93d64f20e6c5add626937f6b5931ed\"},\"headline\":\"M\u00e4lukohvikud on vajalikud ja Eestis h\u00e4sti vastu v\u00f5etud\",\"datePublished\":\"2019-07-07T11:03:55+00:00\",\"mainEntityOfPage\":{\"@id\":\"https:\/\/dementsus.ee\/ru\/malukohvikud-on-vajalikud-ja-eestis-hasti-vastu-voetud\/\"},\"wordCount\":363,\"commentCount\":0,\"publisher\":{\"@id\":\"https:\/\/dementsus.ee\/ru\/#organization\"},\"articleSection\":[\"M\u00e4\u00e4ratlemata\"],\"inLanguage\":\"ru-RU\"},{\"@type\":\"WebPage\",\"@id\":\"https:\/\/dementsus.ee\/ru\/malukohvikud-on-vajalikud-ja-eestis-hasti-vastu-voetud\/\",\"url\":\"https:\/\/dementsus.ee\/ru\/malukohvikud-on-vajalikud-ja-eestis-hasti-vastu-voetud\/\",\"name\":\"M\u00e4lukohvikud on vajalikud ja Eestis h\u00e4sti vastu v\u00f5etud - Dementsuse Kompetentsikeskus\",\"isPartOf\":{\"@id\":\"https:\/\/dementsus.ee\/ru\/#website\"},\"datePublished\":\"2019-07-07T11:03:55+00:00\",\"breadcrumb\":{\"@id\":\"https:\/\/dementsus.ee\/ru\/malukohvikud-on-vajalikud-ja-eestis-hasti-vastu-voetud\/#breadcrumb\"},\"inLanguage\":\"ru-RU\",\"potentialAction\":[{\"@type\":\"ReadAction\",\"target\":[\"https:\/\/dementsus.ee\/ru\/malukohvikud-on-vajalikud-ja-eestis-hasti-vastu-voetud\/\"]}]},{\"@type\":\"BreadcrumbList\",\"@id\":\"https:\/\/dementsus.ee\/ru\/malukohvikud-on-vajalikud-ja-eestis-hasti-vastu-voetud\/#breadcrumb\",\"itemListElement\":[{\"@type\":\"ListItem\",\"position\":1,\"name\":\"Esileht\",\"item\":\"https:\/\/dementsus.ee\/ru\/\"},{\"@type\":\"ListItem\",\"position\":2,\"name\":\"M\u00e4lukohvikud on vajalikud ja Eestis h\u00e4sti vastu v\u00f5etud\"}]},{\"@type\":\"WebSite\",\"@id\":\"https:\/\/dementsus.ee\/ru\/#website\",\"url\":\"https:\/\/dementsus.ee\/ru\/\",\"name\":\"Dementsuse Kompetentsikeskus\",\"description\":\"dementsuse info ja abi\",\"publisher\":{\"@id\":\"https:\/\/dementsus.ee\/ru\/#organization\"},\"potentialAction\":[{\"@type\":\"SearchAction\",\"target\":{\"@type\":\"EntryPoint\",\"urlTemplate\":\"https:\/\/dementsus.ee\/ru\/?s={search_term_string}\"},\"query-input\":{\"@type\":\"PropertyValueSpecification\",\"valueRequired\":true,\"valueName\":\"search_term_string\"}}],\"inLanguage\":\"ru-RU\"},{\"@type\":\"Organization\",\"@id\":\"https:\/\/dementsus.ee\/ru\/#organization\",\"name\":\"Dementsuse Kompetentsikeskus\",\"url\":\"https:\/\/dementsus.ee\/ru\/\",\"logo\":{\"@type\":\"ImageObject\",\"inLanguage\":\"ru-RU\",\"@id\":\"https:\/\/dementsus.ee\/ru\/#\/schema\/logo\/image\/\",\"url\":\"https:\/\/dementsus.ee\/wp-content\/uploads\/2023\/07\/ED_logo_kodukale.svg\",\"contentUrl\":\"https:\/\/dementsus.ee\/wp-content\/uploads\/2023\/07\/ED_logo_kodukale.svg\",\"caption\":\"Dementsuse Kompetentsikeskus\"},\"image\":{\"@id\":\"https:\/\/dementsus.ee\/ru\/#\/schema\/logo\/image\/\"}},{\"@type\":\"Person\",\"@id\":\"https:\/\/dementsus.ee\/ru\/#\/schema\/person\/dd93d64f20e6c5add626937f6b5931ed\",\"name\":\"Kermo\",\"image\":{\"@type\":\"ImageObject\",\"inLanguage\":\"ru-RU\",\"@id\":\"https:\/\/dementsus.ee\/ru\/#\/schema\/person\/image\/\",\"url\":\"https:\/\/secure.gravatar.com\/avatar\/b2f0128e9063b66b5c6e595d8f4c39037d52f729089f1ad5afc34656e1d58a64?s=96&d=mm&r=g\",\"contentUrl\":\"https:\/\/secure.gravatar.com\/avatar\/b2f0128e9063b66b5c6e595d8f4c39037d52f729089f1ad5afc34656e1d58a64?s=96&d=mm&r=g\",\"caption\":\"Kermo\"},\"url\":\"https:\/\/dementsus.ee\/ru\/author\/kermo\/\"}]}<\/script>\n<!-- \/ Yoast SEO plugin. -->","yoast_head_json":{"title":"M\u00e4lukohvikud on vajalikud ja Eestis h\u00e4sti vastu v\u00f5etud - Dementsuse Kompetentsikeskus","robots":{"index":"index","follow":"follow","max-snippet":"max-snippet:-1","max-image-preview":"max-image-preview:large","max-video-preview":"max-video-preview:-1"},"canonical":"https:\/\/dementsus.ee\/ru\/malukohvikud-on-vajalikud-ja-eestis-hasti-vastu-voetud\/","og_locale":"ru_RU","og_type":"article","og_title":"M\u00e4lukohvikud on vajalikud ja Eestis h\u00e4sti vastu v\u00f5etud - Dementsuse Kompetentsikeskus","og_description":"2019 aasta alguses Eestis esmakordselt toimunud m\u00e4lukohvikud on dementsusega inimeste perede poolt h\u00e4sti vastu v\u00f5etud ning kaheksandat korda toimuv m\u00e4lukohvik avab uksed 2. augustil Hiiumaa kohvikutep\u00e4eval S\u00f5ru Muuseumis. Tugigruppide algusp\u00e4evadest pidevalt kaasas h\u00f5ljunud m\u00e4lukohviku idee on sellel aastal\u00a0 teoks saanud. Omastehooldajatelt on tulnud soove minna \u00fcheskoos oma dementsusega l\u00e4hedasega kohta, kus on turvaline atmosf\u00e4\u00e4r ning [&hellip;]","og_url":"https:\/\/dementsus.ee\/ru\/malukohvikud-on-vajalikud-ja-eestis-hasti-vastu-voetud\/","og_site_name":"Dementsuse Kompetentsikeskus","article_published_time":"2019-07-07T11:03:55+00:00","author":"Kermo","twitter_card":"summary_large_image","twitter_misc":{"\u041d\u0430\u043f\u0438\u0441\u0430\u043d\u043e \u0430\u0432\u0442\u043e\u0440\u043e\u043c":"Kermo","\u041f\u0440\u0438\u043c\u0435\u0440\u043d\u043e\u0435 \u0432\u0440\u0435\u043c\u044f \u0434\u043b\u044f \u0447\u0442\u0435\u043d\u0438\u044f":"2 \u043c\u0438\u043d\u0443\u0442\u044b"},"schema":{"@context":"https:\/\/schema.org","@graph":[{"@type":"Article","@id":"https:\/\/dementsus.ee\/ru\/malukohvikud-on-vajalikud-ja-eestis-hasti-vastu-voetud\/#article","isPartOf":{"@id":"https:\/\/dementsus.ee\/ru\/malukohvikud-on-vajalikud-ja-eestis-hasti-vastu-voetud\/"},"author":{"name":"Kermo","@id":"https:\/\/dementsus.ee\/ru\/#\/schema\/person\/dd93d64f20e6c5add626937f6b5931ed"},"headline":"M\u00e4lukohvikud on vajalikud ja Eestis h\u00e4sti vastu v\u00f5etud","datePublished":"2019-07-07T11:03:55+00:00","mainEntityOfPage":{"@id":"https:\/\/dementsus.ee\/ru\/malukohvikud-on-vajalikud-ja-eestis-hasti-vastu-voetud\/"},"wordCount":363,"commentCount":0,"publisher":{"@id":"https:\/\/dementsus.ee\/ru\/#organization"},"articleSection":["M\u00e4\u00e4ratlemata"],"inLanguage":"ru-RU"},{"@type":"WebPage","@id":"https:\/\/dementsus.ee\/ru\/malukohvikud-on-vajalikud-ja-eestis-hasti-vastu-voetud\/","url":"https:\/\/dementsus.ee\/ru\/malukohvikud-on-vajalikud-ja-eestis-hasti-vastu-voetud\/","name":"M\u00e4lukohvikud on vajalikud ja Eestis h\u00e4sti vastu v\u00f5etud - Dementsuse Kompetentsikeskus","isPartOf":{"@id":"https:\/\/dementsus.ee\/ru\/#website"},"datePublished":"2019-07-07T11:03:55+00:00","breadcrumb":{"@id":"https:\/\/dementsus.ee\/ru\/malukohvikud-on-vajalikud-ja-eestis-hasti-vastu-voetud\/#breadcrumb"},"inLanguage":"ru-RU","potentialAction":[{"@type":"ReadAction","target":["https:\/\/dementsus.ee\/ru\/malukohvikud-on-vajalikud-ja-eestis-hasti-vastu-voetud\/"]}]},{"@type":"BreadcrumbList","@id":"https:\/\/dementsus.ee\/ru\/malukohvikud-on-vajalikud-ja-eestis-hasti-vastu-voetud\/#breadcrumb","itemListElement":[{"@type":"ListItem","position":1,"name":"Esileht","item":"https:\/\/dementsus.ee\/ru\/"},{"@type":"ListItem","position":2,"name":"M\u00e4lukohvikud on vajalikud ja Eestis h\u00e4sti vastu v\u00f5etud"}]},{"@type":"WebSite","@id":"https:\/\/dementsus.ee\/ru\/#website","url":"https:\/\/dementsus.ee\/ru\/","name":"Dementsuse Kompetentsikeskus","description":"dementsuse info ja abi","publisher":{"@id":"https:\/\/dementsus.ee\/ru\/#organization"},"potentialAction":[{"@type":"SearchAction","target":{"@type":"EntryPoint","urlTemplate":"https:\/\/dementsus.ee\/ru\/?s={search_term_string}"},"query-input":{"@type":"PropertyValueSpecification","valueRequired":true,"valueName":"search_term_string"}}],"inLanguage":"ru-RU"},{"@type":"Organization","@id":"https:\/\/dementsus.ee\/ru\/#organization","name":"Dementsuse Kompetentsikeskus","url":"https:\/\/dementsus.ee\/ru\/","logo":{"@type":"ImageObject","inLanguage":"ru-RU","@id":"https:\/\/dementsus.ee\/ru\/#\/schema\/logo\/image\/","url":"https:\/\/dementsus.ee\/wp-content\/uploads\/2023\/07\/ED_logo_kodukale.svg","contentUrl":"https:\/\/dementsus.ee\/wp-content\/uploads\/2023\/07\/ED_logo_kodukale.svg","caption":"Dementsuse Kompetentsikeskus"},"image":{"@id":"https:\/\/dementsus.ee\/ru\/#\/schema\/logo\/image\/"}},{"@type":"Person","@id":"https:\/\/dementsus.ee\/ru\/#\/schema\/person\/dd93d64f20e6c5add626937f6b5931ed","name":"Kermo","image":{"@type":"ImageObject","inLanguage":"ru-RU","@id":"https:\/\/dementsus.ee\/ru\/#\/schema\/person\/image\/","url":"https:\/\/secure.gravatar.com\/avatar\/b2f0128e9063b66b5c6e595d8f4c39037d52f729089f1ad5afc34656e1d58a64?s=96&d=mm&r=g","contentUrl":"https:\/\/secure.gravatar.com\/avatar\/b2f0128e9063b66b5c6e595d8f4c39037d52f729089f1ad5afc34656e1d58a64?s=96&d=mm&r=g","caption":"Kermo"},"url":"https:\/\/dementsus.ee\/ru\/author\/kermo\/"}]}},"_links":{"self":[{"href":"https:\/\/dementsus.ee\/ru\/wp-json\/wp\/v2\/posts\/621","targetHints":{"allow":["GET"]}}],"collection":[{"href":"https:\/\/dementsus.ee\/ru\/wp-json\/wp\/v2\/posts"}],"about":[{"href":"https:\/\/dementsus.ee\/ru\/wp-json\/wp\/v2\/types\/post"}],"author":[{"embeddable":true,"href":"https:\/\/dementsus.ee\/ru\/wp-json\/wp\/v2\/users\/2"}],"replies":[{"embeddable":true,"href":"https:\/\/dementsus.ee\/ru\/wp-json\/wp\/v2\/comments?post=621"}],"version-history":[{"count":0,"href":"https:\/\/dementsus.ee\/ru\/wp-json\/wp\/v2\/posts\/621\/revisions"}],"wp:attachment":[{"href":"https:\/\/dementsus.ee\/ru\/wp-json\/wp\/v2\/media?parent=621"}],"wp:term":[{"taxonomy":"category","embeddable":true,"href":"https:\/\/dementsus.ee\/ru\/wp-json\/wp\/v2\/categories?post=621"},{"taxonomy":"post_tag","embeddable":true,"href":"https:\/\/dementsus.ee\/ru\/wp-json\/wp\/v2\/tags?post=621"},{"taxonomy":"autor","embeddable":true,"href":"https:\/\/dementsus.ee\/ru\/wp-json\/wp\/v2\/autor?post=621"}],"curies":[{"name":"wp","href":"https:\/\/api.w.org\/{rel}","templated":true}]}}