{"id":6303,"date":"2023-02-09T12:39:38","date_gmt":"2023-02-09T10:39:38","guid":{"rendered":"https:\/\/dementsus.ee\/?p=6303"},"modified":"2023-10-25T22:48:09","modified_gmt":"2023-10-25T19:48:09","slug":"dementsussundroom-kuidas-margata-ja-aidata","status":"publish","type":"post","link":"https:\/\/dementsus.ee\/ru\/dementsussundroom-kuidas-margata-ja-aidata\/","title":{"rendered":"Dementsuss\u00fcndroom \u2013 kuidas m\u00e4rgata ja aidata?"},"content":{"rendered":"<h4><strong>Dementsuss\u00fcndroom \u2013 kuidas m\u00e4rgata ja aidata?<\/strong><\/h4>\n<p>Dementsuse s\u00fcndroomi p\u00f5hjustajaks on m\u00f5ni aju haigus nagu Alzheimer, Parkinsoni t\u00f5bi, Lewy kehakeste haigus v\u00f5i ka muu p\u00f5hjus nt. trauma v\u00f5i insult, alkoholism jne. Dementsuse s\u00fcndroom v\u00f5ib kesta umbes 15 aastat ja haigust iseloomustab suhteliselt m\u00e4rkamatu haiguse algus, mida on raske \u00e4ra tunda. Haiguse algfaasis saab inimene oma koduses keskkonnas hakkama, kuid\u00a0tekivad l\u00fchim\u00e4luh\u00e4ired, asjad ja \u00fclesanded hakkavad ununema, igap\u00e4evase info meeldej\u00e4tmine muutub v\u00f5imatuks, v\u00f5ivad tekkida suhtlusprobleemid jms. \u00dcmbritsevad inimesed v\u00f5ivad k\u00f5ike selliseid ilminguid mitte t\u00e4hele panna v\u00f5i t\u00f5lgendada seda v\u00e4simuse v\u00f5i vanusega.<\/p>\n<p><a href=\"https:\/\/dementsus.ee\/app\/uploads\/2023\/02\/Nimetu-kujundus-16.png\"><img fetchpriority=\"high\" decoding=\"async\" class=\"alignright wp-image-6308\" src=\"https:\/\/dementsus.ee\/app\/uploads\/2023\/02\/Nimetu-kujundus-16-300x185.png\" alt=\"\" width=\"363\" height=\"224\" srcset=\"https:\/\/dementsus.ee\/wp-content\/uploads\/2023\/02\/Nimetu-kujundus-16-300x185.png 300w, https:\/\/dementsus.ee\/wp-content\/uploads\/2023\/02\/Nimetu-kujundus-16-600x370.png 600w, https:\/\/dementsus.ee\/wp-content\/uploads\/2023\/02\/Nimetu-kujundus-16-1024x631.png 1024w, https:\/\/dementsus.ee\/wp-content\/uploads\/2023\/02\/Nimetu-kujundus-16-768x473.png 768w, https:\/\/dementsus.ee\/wp-content\/uploads\/2023\/02\/Nimetu-kujundus-16.png 1500w\" sizes=\"(max-width: 363px) 100vw, 363px\" \/><\/a><\/p>\n<p>Kindlasti on v\u00e4ga t\u00e4htis varane diagnoosimine, sest siis on v\u00f5imalik haiguse s\u00fcvenemist edasi l\u00fckata ja 2-3 aastat olemasolevat elukvaliteeti s\u00e4ilitada. Kahjuks on inimeste haigusteadlikkus madal ja isegi siis kui m\u00e4rgatakse juba esmaseid s\u00fcmptomeid, ei julgeta arsti juurde minna, sest kardetakse, et tembeldatakse n\u00f6 hulluks. Arsti juurde minemine on v\u00e4ga oluline, sest 10 % dementsusele sarnastest s\u00fcmptomitest v\u00f5ivad viidata haigusele mis on ravitav, n\u00e4iteks healoomulised ajukasvajad, kilpn\u00e4\u00e4rme haigused, p\u00f5ieinfektsioonid jpm! \u00d5ige diagnoos annab l\u00e4hedastele teadmise, miks \u00fcks v\u00f5i teine s\u00fcmptom on tekkinud ja diagnoosi olemasolul me saame ennast kurssi viia, kuidas dementsusega inimest toetada. Kindlasti haigusest teadmine, v\u00e4hendab inimeste vahelisi konflikte, nt ei ole m\u00f5tet dementsusega inimesega hakata vaidlema.<\/p>\n<p>Kui haigus on juba kaugemale arenenud siis me n\u00e4eme, kuidas inimene kaotab j\u00e4rk-j\u00e4rgult oma iseseisvust, varasemalt lihtsad ja iseenesest m\u00f5istetavad tegevused muutuvad keeruliseks,\u00a0 k\u00e4itumine muutub kinnisemaks v\u00f5i vastupidiselt n\u00f6 filtrid kaovad, k\u00f5ik mis m\u00f5ttesse tuleb \u00f6eldakse otse v\u00e4lja. L\u00e4hedaste elu muutub v\u00e4ga palju keerulisemaks, sest lisaks igap\u00e4evasele t\u00f6\u00f6tamisele ja laste eest hoolitsemisele, on sul vaja j\u00e4lgida ja muretseda oma l\u00e4hedase eest.\u00a0 Dementsusega inimene, kes elab \u00fcksi, vajab pidevalt kontrollimist, kas ta ikka on oma kodutee \u00fcles leidnud, kas s\u00f6\u00f6b, joob ja v\u00f5tab oma ravimeid, kas teeb siibri lahti kui ta ahju tuld s\u00fc\u00fctab jne. Dementsusega inimene unustab ja samas kordab palju, tekivad h\u00fcgieeni ja enda eest hoolitsemises puuduj\u00e4\u00e4gid. \u00a0\u00dcks p\u00e4ev tuleb hetk, kui \u00fcksi enam elada ei saa, tuleb leida sobivad koduteenused, p\u00e4evahoiuteenus, asutuse hooldus vms.<\/p>\n<p>Dementsusega inimese eest hoolitsemine ei ole lihtne, selleks peab olema teadmised ja oskused, kuidas suhelda ja ennetada probleeme. Dementsusega inimese hooldaja peab alati olema \u00fcks samm ees, n\u00e4gema ette ohtusid, et neid ennetada.<\/p>\n<h4><strong>Dementsuse Kompetentsikeskus<\/strong><\/h4>\n<p>Dementsuse Kompetentsikeskuse eesm\u00e4rk on parandada dementsusega inimeste ja nende l\u00e4hedaste toimetulekut.\u00a0 Keskuse \u00fclesanne on pakkuda n\u00f5ustamisteenust nii dementsusega inimestele, nende l\u00e4hedastele kui ka teenuseosutajatele, t\u00f5sta sihtgrupiga t\u00f6\u00f6tavate spetsialistide p\u00e4devust, korraldada teavituskampaaniaid jms. \u00dcle-eestilise kompetentsikeskuse tegevus p\u00f5hineb haridus-, teadus- ja arendusasutuste, tervishoiu-, hoolekande- ning tugiteenust pakkuvate asutuste ja avaliku sektori vahelisel koost\u00f6\u00f6l ning tegeleb terve valdkonna arendamisega. \u00dcle-eestiliselt viiakse l\u00e4bi kontaktn\u00f5ustamisi nii dementsusega inimestele ja nende l\u00e4hedastele kui ka teenuseosutajatele. N\u00f5ustamised on nii l\u00e4hedastele kui teenuseosutajatele tasuta! Pakume ka venekeelset n\u00f5ustamist!<\/p>\n<h4><strong>Dementsuse info- ja usaldusliin 644 6440<\/strong><\/h4>\n<p>Infoliinile saavad helistada l\u00e4hedased ja teenuseosutajad, kes vajavad tuge dementsusega inimeste eest hoolitsemisel. Lisainfo <a style=\"font-size: 1.125rem;\" href=\"http:\/\/www.dementsus.ee\">www.dementsus.ee<\/a><span style=\"color: #333333; font-size: 1.125rem;\"> ja fb: dementsusekompetentsikeskus.<\/span><\/p>\n<h4><strong>TUGIGRUPP- <\/strong><strong>Mis on dementsusega inimeste l\u00e4hedaste tugigrupp?\u00a0<\/strong><\/h4>\n<p>Omastehooldajate hoolduskoormusest r\u00e4\u00e4gitakse kui sotsiaalprobleemist t\u00e4nases Eestis. Seni kuni olukorda kaardistatakse ning otsitakse lahendusi, on dementsusega l\u00e4hedaste omastehooldajad silmitsi olukorraga, kus vajatakse koheselt asjakohast informatsiooni, sotsiaalset toetust, koolitusi ja n\u00f5uandeid, et m\u00f5ista dementsuss\u00fcndroomi. N\u00e4iteks on oluline nii vaimne, f\u00fc\u00fcsiline ja emotsionaalne stimulatsioon s\u00e4ilinud v\u00f5imete alalhoidmiseks, mis eeldab, et omastehooldajal oleks arusaam haiguse olemusest, \u00f5ige suhtlemisviisi valik ning l\u00e4hedase enesev\u00e4ljendusest arusaamine.<\/p>\n<p>Tugigrupis kohtuvad\u00a0 inimesed, kellel on \u00fchine mure v\u00f5i probleem ja saavad uut informatsiooni ja k\u00fcsida n\u00f5u. V\u00e4ga olulisel kohal on \u00fcksteisele oma kogemuste ja teadmiste jagamine. Tugigrupis on omad head tavad, n\u00e4iteks k\u00f5ik, mida tugigrupis r\u00e4\u00e4gitakse on konfidentsiaalne, me austame ja toetame tugigrupi liikmeid. Tugigruppi kaasatakse n\u00f5ustama ka erialaspetsialistid nt sotsiaalt\u00f6\u00f6taja, \u00f5de, arst, tegevusterapeut vms.<\/p>\n<p>Tugigrupiv\u00f5rgustikku kuulub 30 tugigruppi, mille hulgas on ka venekeelsed grupid. Oleme ka loonud virtuaalsed tugigrupid, et v\u00f5imaldada osaleda neil l\u00e4hedastel, kellel ei ole v\u00f5imalust f\u00fc\u00fcsiliselt kohale minna tugigruppi. Tugigruppide ajad ja kontaktid on leitavad meie kodulehe <a href=\"https:\/\/dementsus.ee\/sundmused\/\">s\u00fcndmuste kalendrist<\/a> ja Facebookis: dementsusekompetentsikeskus.<\/p>\n<p>&nbsp;<\/p>\n<p>&nbsp;<\/p>\n<p><strong>\u00a0<\/strong><\/p>\n","protected":false},"excerpt":{"rendered":"<p>Dementsuss\u00fcndroom \u2013 kuidas m\u00e4rgata ja aidata? Dementsuse s\u00fcndroomi p\u00f5hjustajaks on m\u00f5ni aju haigus nagu Alzheimer, Parkinsoni t\u00f5bi, Lewy kehakeste haigus v\u00f5i ka muu p\u00f5hjus nt. trauma v\u00f5i insult, alkoholism jne. Dementsuse s\u00fcndroom v\u00f5ib kesta umbes 15 aastat ja haigust iseloomustab suhteliselt m\u00e4rkamatu haiguse algus, mida on raske \u00e4ra tunda. Haiguse algfaasis saab inimene oma koduses [&hellip;]<\/p>\n","protected":false},"author":2,"featured_media":6327,"comment_status":"open","ping_status":"open","sticky":false,"template":"","format":"standard","meta":{"footnotes":""},"categories":[1],"tags":[],"autor":[],"class_list":["post-6303","post","type-post","status-publish","format-standard","has-post-thumbnail","hentry","category-maaratlemata"],"yoast_head":"<!-- This site is optimized with the Yoast SEO plugin v26.2 - https:\/\/yoast.com\/wordpress\/plugins\/seo\/ -->\n<title>Dementsuss\u00fcndroom \u2013 kuidas m\u00e4rgata ja aidata? - Dementsuse Kompetentsikeskus<\/title>\n<meta name=\"robots\" content=\"index, follow, max-snippet:-1, max-image-preview:large, max-video-preview:-1\" \/>\n<link rel=\"canonical\" href=\"https:\/\/dementsus.ee\/ru\/dementsussundroom-kuidas-margata-ja-aidata\/\" \/>\n<meta property=\"og:locale\" content=\"ru_RU\" \/>\n<meta property=\"og:type\" content=\"article\" \/>\n<meta property=\"og:title\" content=\"Dementsuss\u00fcndroom \u2013 kuidas m\u00e4rgata ja aidata? - Dementsuse Kompetentsikeskus\" \/>\n<meta property=\"og:description\" content=\"Dementsuss\u00fcndroom \u2013 kuidas m\u00e4rgata ja aidata? Dementsuse s\u00fcndroomi p\u00f5hjustajaks on m\u00f5ni aju haigus nagu Alzheimer, Parkinsoni t\u00f5bi, Lewy kehakeste haigus v\u00f5i ka muu p\u00f5hjus nt. trauma v\u00f5i insult, alkoholism jne. Dementsuse s\u00fcndroom v\u00f5ib kesta umbes 15 aastat ja haigust iseloomustab suhteliselt m\u00e4rkamatu haiguse algus, mida on raske \u00e4ra tunda. Haiguse algfaasis saab inimene oma koduses [&hellip;]\" \/>\n<meta property=\"og:url\" content=\"https:\/\/dementsus.ee\/ru\/dementsussundroom-kuidas-margata-ja-aidata\/\" \/>\n<meta property=\"og:site_name\" content=\"Dementsuse Kompetentsikeskus\" \/>\n<meta property=\"article:published_time\" content=\"2023-02-09T10:39:38+00:00\" \/>\n<meta property=\"article:modified_time\" content=\"2023-10-25T19:48:09+00:00\" \/>\n<meta property=\"og:image\" content=\"https:\/\/dementsus.ee\/wp-content\/uploads\/2023\/02\/Nimetu-213-\u00d7-320-px-480-\u00d7-320-px_-1.png\" \/>\n\t<meta property=\"og:image:width\" content=\"377\" \/>\n\t<meta property=\"og:image:height\" content=\"248\" \/>\n\t<meta property=\"og:image:type\" content=\"image\/png\" \/>\n<meta name=\"author\" content=\"Kermo\" \/>\n<meta name=\"twitter:card\" content=\"summary_large_image\" \/>\n<meta name=\"twitter:label1\" content=\"\u041d\u0430\u043f\u0438\u0441\u0430\u043d\u043e \u0430\u0432\u0442\u043e\u0440\u043e\u043c\" \/>\n\t<meta name=\"twitter:data1\" content=\"Kermo\" \/>\n\t<meta name=\"twitter:label2\" content=\"\u041f\u0440\u0438\u043c\u0435\u0440\u043d\u043e\u0435 \u0432\u0440\u0435\u043c\u044f \u0434\u043b\u044f \u0447\u0442\u0435\u043d\u0438\u044f\" \/>\n\t<meta name=\"twitter:data2\" content=\"4 \u043c\u0438\u043d\u0443\u0442\u044b\" \/>\n<script type=\"application\/ld+json\" class=\"yoast-schema-graph\">{\"@context\":\"https:\/\/schema.org\",\"@graph\":[{\"@type\":\"Article\",\"@id\":\"https:\/\/dementsus.ee\/ru\/dementsussundroom-kuidas-margata-ja-aidata\/#article\",\"isPartOf\":{\"@id\":\"https:\/\/dementsus.ee\/ru\/dementsussundroom-kuidas-margata-ja-aidata\/\"},\"author\":{\"name\":\"Kermo\",\"@id\":\"https:\/\/dementsus.ee\/ru\/#\/schema\/person\/dd93d64f20e6c5add626937f6b5931ed\"},\"headline\":\"Dementsuss\u00fcndroom \u2013 kuidas m\u00e4rgata ja aidata?\",\"datePublished\":\"2023-02-09T10:39:38+00:00\",\"dateModified\":\"2023-10-25T19:48:09+00:00\",\"mainEntityOfPage\":{\"@id\":\"https:\/\/dementsus.ee\/ru\/dementsussundroom-kuidas-margata-ja-aidata\/\"},\"wordCount\":741,\"commentCount\":0,\"publisher\":{\"@id\":\"https:\/\/dementsus.ee\/ru\/#organization\"},\"image\":{\"@id\":\"https:\/\/dementsus.ee\/ru\/dementsussundroom-kuidas-margata-ja-aidata\/#primaryimage\"},\"thumbnailUrl\":\"https:\/\/dementsus.ee\/wp-content\/uploads\/2023\/02\/Nimetu-213-\u00d7-320-px-480-\u00d7-320-px_-1.png\",\"articleSection\":[\"M\u00e4\u00e4ratlemata\"],\"inLanguage\":\"ru-RU\"},{\"@type\":\"WebPage\",\"@id\":\"https:\/\/dementsus.ee\/ru\/dementsussundroom-kuidas-margata-ja-aidata\/\",\"url\":\"https:\/\/dementsus.ee\/ru\/dementsussundroom-kuidas-margata-ja-aidata\/\",\"name\":\"Dementsuss\u00fcndroom \u2013 kuidas m\u00e4rgata ja aidata? - Dementsuse Kompetentsikeskus\",\"isPartOf\":{\"@id\":\"https:\/\/dementsus.ee\/ru\/#website\"},\"primaryImageOfPage\":{\"@id\":\"https:\/\/dementsus.ee\/ru\/dementsussundroom-kuidas-margata-ja-aidata\/#primaryimage\"},\"image\":{\"@id\":\"https:\/\/dementsus.ee\/ru\/dementsussundroom-kuidas-margata-ja-aidata\/#primaryimage\"},\"thumbnailUrl\":\"https:\/\/dementsus.ee\/wp-content\/uploads\/2023\/02\/Nimetu-213-\u00d7-320-px-480-\u00d7-320-px_-1.png\",\"datePublished\":\"2023-02-09T10:39:38+00:00\",\"dateModified\":\"2023-10-25T19:48:09+00:00\",\"breadcrumb\":{\"@id\":\"https:\/\/dementsus.ee\/ru\/dementsussundroom-kuidas-margata-ja-aidata\/#breadcrumb\"},\"inLanguage\":\"ru-RU\",\"potentialAction\":[{\"@type\":\"ReadAction\",\"target\":[\"https:\/\/dementsus.ee\/ru\/dementsussundroom-kuidas-margata-ja-aidata\/\"]}]},{\"@type\":\"ImageObject\",\"inLanguage\":\"ru-RU\",\"@id\":\"https:\/\/dementsus.ee\/ru\/dementsussundroom-kuidas-margata-ja-aidata\/#primaryimage\",\"url\":\"https:\/\/dementsus.ee\/wp-content\/uploads\/2023\/02\/Nimetu-213-\u00d7-320-px-480-\u00d7-320-px_-1.png\",\"contentUrl\":\"https:\/\/dementsus.ee\/wp-content\/uploads\/2023\/02\/Nimetu-213-\u00d7-320-px-480-\u00d7-320-px_-1.png\",\"width\":377,\"height\":248},{\"@type\":\"BreadcrumbList\",\"@id\":\"https:\/\/dementsus.ee\/ru\/dementsussundroom-kuidas-margata-ja-aidata\/#breadcrumb\",\"itemListElement\":[{\"@type\":\"ListItem\",\"position\":1,\"name\":\"Esileht\",\"item\":\"https:\/\/dementsus.ee\/ru\/\"},{\"@type\":\"ListItem\",\"position\":2,\"name\":\"Dementsuss\u00fcndroom \u2013 kuidas m\u00e4rgata ja aidata?\"}]},{\"@type\":\"WebSite\",\"@id\":\"https:\/\/dementsus.ee\/ru\/#website\",\"url\":\"https:\/\/dementsus.ee\/ru\/\",\"name\":\"Dementsuse Kompetentsikeskus\",\"description\":\"dementsuse info ja abi\",\"publisher\":{\"@id\":\"https:\/\/dementsus.ee\/ru\/#organization\"},\"potentialAction\":[{\"@type\":\"SearchAction\",\"target\":{\"@type\":\"EntryPoint\",\"urlTemplate\":\"https:\/\/dementsus.ee\/ru\/?s={search_term_string}\"},\"query-input\":{\"@type\":\"PropertyValueSpecification\",\"valueRequired\":true,\"valueName\":\"search_term_string\"}}],\"inLanguage\":\"ru-RU\"},{\"@type\":\"Organization\",\"@id\":\"https:\/\/dementsus.ee\/ru\/#organization\",\"name\":\"Dementsuse Kompetentsikeskus\",\"url\":\"https:\/\/dementsus.ee\/ru\/\",\"logo\":{\"@type\":\"ImageObject\",\"inLanguage\":\"ru-RU\",\"@id\":\"https:\/\/dementsus.ee\/ru\/#\/schema\/logo\/image\/\",\"url\":\"https:\/\/dementsus.ee\/wp-content\/uploads\/2023\/07\/ED_logo_kodukale.svg\",\"contentUrl\":\"https:\/\/dementsus.ee\/wp-content\/uploads\/2023\/07\/ED_logo_kodukale.svg\",\"caption\":\"Dementsuse Kompetentsikeskus\"},\"image\":{\"@id\":\"https:\/\/dementsus.ee\/ru\/#\/schema\/logo\/image\/\"}},{\"@type\":\"Person\",\"@id\":\"https:\/\/dementsus.ee\/ru\/#\/schema\/person\/dd93d64f20e6c5add626937f6b5931ed\",\"name\":\"Kermo\",\"image\":{\"@type\":\"ImageObject\",\"inLanguage\":\"ru-RU\",\"@id\":\"https:\/\/dementsus.ee\/ru\/#\/schema\/person\/image\/\",\"url\":\"https:\/\/secure.gravatar.com\/avatar\/b2f0128e9063b66b5c6e595d8f4c39037d52f729089f1ad5afc34656e1d58a64?s=96&d=mm&r=g\",\"contentUrl\":\"https:\/\/secure.gravatar.com\/avatar\/b2f0128e9063b66b5c6e595d8f4c39037d52f729089f1ad5afc34656e1d58a64?s=96&d=mm&r=g\",\"caption\":\"Kermo\"},\"url\":\"https:\/\/dementsus.ee\/ru\/author\/kermo\/\"}]}<\/script>\n<!-- \/ Yoast SEO plugin. -->","yoast_head_json":{"title":"Dementsuss\u00fcndroom \u2013 kuidas m\u00e4rgata ja aidata? - Dementsuse Kompetentsikeskus","robots":{"index":"index","follow":"follow","max-snippet":"max-snippet:-1","max-image-preview":"max-image-preview:large","max-video-preview":"max-video-preview:-1"},"canonical":"https:\/\/dementsus.ee\/ru\/dementsussundroom-kuidas-margata-ja-aidata\/","og_locale":"ru_RU","og_type":"article","og_title":"Dementsuss\u00fcndroom \u2013 kuidas m\u00e4rgata ja aidata? - Dementsuse Kompetentsikeskus","og_description":"Dementsuss\u00fcndroom \u2013 kuidas m\u00e4rgata ja aidata? Dementsuse s\u00fcndroomi p\u00f5hjustajaks on m\u00f5ni aju haigus nagu Alzheimer, Parkinsoni t\u00f5bi, Lewy kehakeste haigus v\u00f5i ka muu p\u00f5hjus nt. trauma v\u00f5i insult, alkoholism jne. Dementsuse s\u00fcndroom v\u00f5ib kesta umbes 15 aastat ja haigust iseloomustab suhteliselt m\u00e4rkamatu haiguse algus, mida on raske \u00e4ra tunda. Haiguse algfaasis saab inimene oma koduses [&hellip;]","og_url":"https:\/\/dementsus.ee\/ru\/dementsussundroom-kuidas-margata-ja-aidata\/","og_site_name":"Dementsuse Kompetentsikeskus","article_published_time":"2023-02-09T10:39:38+00:00","article_modified_time":"2023-10-25T19:48:09+00:00","og_image":[{"width":377,"height":248,"url":"https:\/\/dementsus.ee\/wp-content\/uploads\/2023\/02\/Nimetu-213-\u00d7-320-px-480-\u00d7-320-px_-1.png","type":"image\/png"}],"author":"Kermo","twitter_card":"summary_large_image","twitter_misc":{"\u041d\u0430\u043f\u0438\u0441\u0430\u043d\u043e \u0430\u0432\u0442\u043e\u0440\u043e\u043c":"Kermo","\u041f\u0440\u0438\u043c\u0435\u0440\u043d\u043e\u0435 \u0432\u0440\u0435\u043c\u044f \u0434\u043b\u044f \u0447\u0442\u0435\u043d\u0438\u044f":"4 \u043c\u0438\u043d\u0443\u0442\u044b"},"schema":{"@context":"https:\/\/schema.org","@graph":[{"@type":"Article","@id":"https:\/\/dementsus.ee\/ru\/dementsussundroom-kuidas-margata-ja-aidata\/#article","isPartOf":{"@id":"https:\/\/dementsus.ee\/ru\/dementsussundroom-kuidas-margata-ja-aidata\/"},"author":{"name":"Kermo","@id":"https:\/\/dementsus.ee\/ru\/#\/schema\/person\/dd93d64f20e6c5add626937f6b5931ed"},"headline":"Dementsuss\u00fcndroom \u2013 kuidas m\u00e4rgata ja aidata?","datePublished":"2023-02-09T10:39:38+00:00","dateModified":"2023-10-25T19:48:09+00:00","mainEntityOfPage":{"@id":"https:\/\/dementsus.ee\/ru\/dementsussundroom-kuidas-margata-ja-aidata\/"},"wordCount":741,"commentCount":0,"publisher":{"@id":"https:\/\/dementsus.ee\/ru\/#organization"},"image":{"@id":"https:\/\/dementsus.ee\/ru\/dementsussundroom-kuidas-margata-ja-aidata\/#primaryimage"},"thumbnailUrl":"https:\/\/dementsus.ee\/wp-content\/uploads\/2023\/02\/Nimetu-213-\u00d7-320-px-480-\u00d7-320-px_-1.png","articleSection":["M\u00e4\u00e4ratlemata"],"inLanguage":"ru-RU"},{"@type":"WebPage","@id":"https:\/\/dementsus.ee\/ru\/dementsussundroom-kuidas-margata-ja-aidata\/","url":"https:\/\/dementsus.ee\/ru\/dementsussundroom-kuidas-margata-ja-aidata\/","name":"Dementsuss\u00fcndroom \u2013 kuidas m\u00e4rgata ja aidata? - Dementsuse Kompetentsikeskus","isPartOf":{"@id":"https:\/\/dementsus.ee\/ru\/#website"},"primaryImageOfPage":{"@id":"https:\/\/dementsus.ee\/ru\/dementsussundroom-kuidas-margata-ja-aidata\/#primaryimage"},"image":{"@id":"https:\/\/dementsus.ee\/ru\/dementsussundroom-kuidas-margata-ja-aidata\/#primaryimage"},"thumbnailUrl":"https:\/\/dementsus.ee\/wp-content\/uploads\/2023\/02\/Nimetu-213-\u00d7-320-px-480-\u00d7-320-px_-1.png","datePublished":"2023-02-09T10:39:38+00:00","dateModified":"2023-10-25T19:48:09+00:00","breadcrumb":{"@id":"https:\/\/dementsus.ee\/ru\/dementsussundroom-kuidas-margata-ja-aidata\/#breadcrumb"},"inLanguage":"ru-RU","potentialAction":[{"@type":"ReadAction","target":["https:\/\/dementsus.ee\/ru\/dementsussundroom-kuidas-margata-ja-aidata\/"]}]},{"@type":"ImageObject","inLanguage":"ru-RU","@id":"https:\/\/dementsus.ee\/ru\/dementsussundroom-kuidas-margata-ja-aidata\/#primaryimage","url":"https:\/\/dementsus.ee\/wp-content\/uploads\/2023\/02\/Nimetu-213-\u00d7-320-px-480-\u00d7-320-px_-1.png","contentUrl":"https:\/\/dementsus.ee\/wp-content\/uploads\/2023\/02\/Nimetu-213-\u00d7-320-px-480-\u00d7-320-px_-1.png","width":377,"height":248},{"@type":"BreadcrumbList","@id":"https:\/\/dementsus.ee\/ru\/dementsussundroom-kuidas-margata-ja-aidata\/#breadcrumb","itemListElement":[{"@type":"ListItem","position":1,"name":"Esileht","item":"https:\/\/dementsus.ee\/ru\/"},{"@type":"ListItem","position":2,"name":"Dementsuss\u00fcndroom \u2013 kuidas m\u00e4rgata ja aidata?"}]},{"@type":"WebSite","@id":"https:\/\/dementsus.ee\/ru\/#website","url":"https:\/\/dementsus.ee\/ru\/","name":"Dementsuse Kompetentsikeskus","description":"dementsuse info ja abi","publisher":{"@id":"https:\/\/dementsus.ee\/ru\/#organization"},"potentialAction":[{"@type":"SearchAction","target":{"@type":"EntryPoint","urlTemplate":"https:\/\/dementsus.ee\/ru\/?s={search_term_string}"},"query-input":{"@type":"PropertyValueSpecification","valueRequired":true,"valueName":"search_term_string"}}],"inLanguage":"ru-RU"},{"@type":"Organization","@id":"https:\/\/dementsus.ee\/ru\/#organization","name":"Dementsuse Kompetentsikeskus","url":"https:\/\/dementsus.ee\/ru\/","logo":{"@type":"ImageObject","inLanguage":"ru-RU","@id":"https:\/\/dementsus.ee\/ru\/#\/schema\/logo\/image\/","url":"https:\/\/dementsus.ee\/wp-content\/uploads\/2023\/07\/ED_logo_kodukale.svg","contentUrl":"https:\/\/dementsus.ee\/wp-content\/uploads\/2023\/07\/ED_logo_kodukale.svg","caption":"Dementsuse Kompetentsikeskus"},"image":{"@id":"https:\/\/dementsus.ee\/ru\/#\/schema\/logo\/image\/"}},{"@type":"Person","@id":"https:\/\/dementsus.ee\/ru\/#\/schema\/person\/dd93d64f20e6c5add626937f6b5931ed","name":"Kermo","image":{"@type":"ImageObject","inLanguage":"ru-RU","@id":"https:\/\/dementsus.ee\/ru\/#\/schema\/person\/image\/","url":"https:\/\/secure.gravatar.com\/avatar\/b2f0128e9063b66b5c6e595d8f4c39037d52f729089f1ad5afc34656e1d58a64?s=96&d=mm&r=g","contentUrl":"https:\/\/secure.gravatar.com\/avatar\/b2f0128e9063b66b5c6e595d8f4c39037d52f729089f1ad5afc34656e1d58a64?s=96&d=mm&r=g","caption":"Kermo"},"url":"https:\/\/dementsus.ee\/ru\/author\/kermo\/"}]}},"_links":{"self":[{"href":"https:\/\/dementsus.ee\/ru\/wp-json\/wp\/v2\/posts\/6303","targetHints":{"allow":["GET"]}}],"collection":[{"href":"https:\/\/dementsus.ee\/ru\/wp-json\/wp\/v2\/posts"}],"about":[{"href":"https:\/\/dementsus.ee\/ru\/wp-json\/wp\/v2\/types\/post"}],"author":[{"embeddable":true,"href":"https:\/\/dementsus.ee\/ru\/wp-json\/wp\/v2\/users\/2"}],"replies":[{"embeddable":true,"href":"https:\/\/dementsus.ee\/ru\/wp-json\/wp\/v2\/comments?post=6303"}],"version-history":[{"count":1,"href":"https:\/\/dementsus.ee\/ru\/wp-json\/wp\/v2\/posts\/6303\/revisions"}],"predecessor-version":[{"id":11508,"href":"https:\/\/dementsus.ee\/ru\/wp-json\/wp\/v2\/posts\/6303\/revisions\/11508"}],"wp:featuredmedia":[{"embeddable":true,"href":"https:\/\/dementsus.ee\/ru\/wp-json\/wp\/v2\/media\/6327"}],"wp:attachment":[{"href":"https:\/\/dementsus.ee\/ru\/wp-json\/wp\/v2\/media?parent=6303"}],"wp:term":[{"taxonomy":"category","embeddable":true,"href":"https:\/\/dementsus.ee\/ru\/wp-json\/wp\/v2\/categories?post=6303"},{"taxonomy":"post_tag","embeddable":true,"href":"https:\/\/dementsus.ee\/ru\/wp-json\/wp\/v2\/tags?post=6303"},{"taxonomy":"autor","embeddable":true,"href":"https:\/\/dementsus.ee\/ru\/wp-json\/wp\/v2\/autor?post=6303"}],"curies":[{"name":"wp","href":"https:\/\/api.w.org\/{rel}","templated":true}]}}