{"id":6921,"date":"2023-07-13T11:09:56","date_gmt":"2023-07-13T08:09:56","guid":{"rendered":"https:\/\/dementsus.ee\/?p=6921"},"modified":"2023-11-30T17:23:25","modified_gmt":"2023-11-30T15:23:25","slug":"registreeruge-juba-nuud-seminar-dementsus-ja-kaitumisprobleemid-teooria-pohjused-ja-praktilised-nouanded-toimub-15-ja-18-augustil-2023","status":"publish","type":"post","link":"https:\/\/dementsus.ee\/ru\/registreeruge-juba-nuud-seminar-dementsus-ja-kaitumisprobleemid-teooria-pohjused-ja-praktilised-nouanded-toimub-15-ja-18-augustil-2023\/","title":{"rendered":"Registreeruge juba n\u00fc\u00fcd! Seminar &#171;Dementsus ja k\u00e4itumisprobleemid &#8212; teooria, p\u00f5hjused ja praktilised n\u00f5uanded&#187; toimub 15. ja 18. augustil 2023"},"content":{"rendered":"<h4 style=\"text-align: center;\">Seminarid dementsuse ja k\u00e4itumisprobleemide teemal toimuvad 15. augustil Tallinnas <a href=\"https:\/\/dzingel.ee\/\">hotell Dzingel konverentsikeskuses<\/a> ning 18. augustil <a href=\"https:\/\/wittenstein.ee\/tegevusmuuseum\/\">Wittensteini Tegevusmuuseumis<\/a> Paides.<\/h4>\n<p><strong>Kutsume osalema k\u00f5iki hoolekandeasutuste t\u00f6\u00f6tajaid, KOV sotsiaalt\u00f6\u00f6 spetsialiste ning ka k\u00f5iki teisi dementsusega inimeste igap\u00e4evaelu toetajaid: perearste, pere\u00f5desid, politsei- ja p\u00e4\u00e4stet\u00f6\u00f6tajaid, eriarste, kiirabit\u00f6\u00f6tajaid, kodu\u00f5desid, apteekreid<\/strong><\/p>\n<h4>Seminaril k\u00f5neleb: RINI BLANKERS.<\/h4>\n<p><em>Rini Blankers on oma ala tippspetsialist Hollandist, kes on viimased 15 aastat spetsialiseerunud dementsusega inimeste k\u00e4itumisprobleemide anal\u00fc\u00fcsimisele, sellele p\u00f5hjuste ja asjakohaste sekkumiste leidmisele. <\/em><em>Ta on olnud tegev Eesti tervishoius\u00fcsteemis \u00fcle 20 aasta, elades ja t\u00f6\u00f6tades 3 kuud aastast siin, viies l\u00e4bi erinevaid koolitusi, seminare ja planeerides Eesti spetsialistide \u00f5ppek\u00e4ike Hollandisse.<\/em><\/p>\n<p><strong>Seminar toimub inglise keeles, t\u00f5lkega eesti keelde.<\/strong><\/p>\n<p><strong><span style=\"color: #ff0000;\">Registreerumine on suletud kohtade arvu t\u00e4itumise t\u00f5ttu.<\/span><\/strong><\/p>\n<p>Seminaril osalejad saavad ka t\u00f5endi.<\/p>\n<p>Lisainfo: 5814 2984<\/p>\n<p><strong><a href=\"https:\/\/dementsus.ee\/app\/uploads\/2023\/07\/SEMINAR-Conference-5.png\"><img fetchpriority=\"high\" decoding=\"async\" class=\"alignright wp-image-6939 \" src=\"https:\/\/dementsus.ee\/app\/uploads\/2023\/07\/SEMINAR-Conference-5-214x300.png\" alt=\"\" width=\"273\" height=\"382\" srcset=\"https:\/\/dementsus.ee\/wp-content\/uploads\/2023\/07\/SEMINAR-Conference-5-214x300.png 214w, https:\/\/dementsus.ee\/wp-content\/uploads\/2023\/07\/SEMINAR-Conference-5-600x840.png 600w, https:\/\/dementsus.ee\/wp-content\/uploads\/2023\/07\/SEMINAR-Conference-5-732x1024.png 732w, https:\/\/dementsus.ee\/wp-content\/uploads\/2023\/07\/SEMINAR-Conference-5-768x1075.png 768w, https:\/\/dementsus.ee\/wp-content\/uploads\/2023\/07\/SEMINAR-Conference-5-1097x1536.png 1097w, https:\/\/dementsus.ee\/wp-content\/uploads\/2023\/07\/SEMINAR-Conference-5.png 1429w\" sizes=\"(max-width: 273px) 100vw, 273px\" \/><\/a><\/strong><\/p>\n<p><strong>SEMINARI KAVA<\/strong><\/p>\n<p><em><strong>9.30- 10.00<\/strong><\/em> Registreerimine ja tervituskohv<\/p>\n<p><strong><em>10.00-10.15<\/em><\/strong> Avas\u00f5nad Dementsuse Kompetentsikeskuselt<\/p>\n<p><strong><em>10.15-11.45<\/em><\/strong> Erinevad k\u00e4itumisprobleemid, dementsuse vormid ja kliendi elulugu.<\/p>\n<p><strong><em>11.45-12.30<\/em><\/strong> L\u00f5unapaus<\/p>\n<p><strong><em>12.30- 14.00<\/em><\/strong> Dementsuse staadiumid, trauma, aju ehitus ning sotsiaalsed, f\u00fc\u00fcsilised ja organisatsioonilised tegurid<\/p>\n<p><strong><em>14.15-14.45<\/em><\/strong> Kohvipaus<\/p>\n<p><strong><em>14.45-16.15<\/em><\/strong> Erinevate juhtumite anal\u00fc\u00fcs ja praktilised n\u00e4pun\u00e4ited, harjutused<\/p>\n<p><strong><em>16.15- 16.30<\/em><\/strong> DKK teenuste tutvustus ja l\u00f5pps\u00f5nad<\/p>\n","protected":false},"excerpt":{"rendered":"<p>Seminarid dementsuse ja k\u00e4itumisprobleemide teemal toimuvad 15. augustil Tallinnas hotell Dzingel konverentsikeskuses ning 18. augustil Wittensteini Tegevusmuuseumis Paides. Kutsume osalema k\u00f5iki hoolekandeasutuste t\u00f6\u00f6tajaid, KOV sotsiaalt\u00f6\u00f6 spetsialiste ning ka k\u00f5iki teisi dementsusega inimeste igap\u00e4evaelu toetajaid: perearste, pere\u00f5desid, politsei- ja p\u00e4\u00e4stet\u00f6\u00f6tajaid, eriarste, kiirabit\u00f6\u00f6tajaid, kodu\u00f5desid, apteekreid Seminaril k\u00f5neleb: RINI BLANKERS. Rini Blankers on oma ala tippspetsialist Hollandist, kes [&hellip;]<\/p>\n","protected":false},"author":2,"featured_media":8676,"comment_status":"open","ping_status":"open","sticky":false,"template":"","format":"standard","meta":{"footnotes":""},"categories":[1],"tags":[],"autor":[],"class_list":["post-6921","post","type-post","status-publish","format-standard","has-post-thumbnail","hentry","category-maaratlemata"],"yoast_head":"<!-- This site is optimized with the Yoast SEO plugin v26.2 - https:\/\/yoast.com\/wordpress\/plugins\/seo\/ -->\n<title>Seminar &quot;Dementsus ja k\u00e4itumisprobleemid - teooria, p\u00f5hjused ja praktilised n\u00f5uanded&quot;<\/title>\n<meta name=\"description\" content=\"Seminarid dementsuse ja k\u00e4itumisprobleemide teemal toimuvad 15. augustil Tallinnas hotell Dzingel konverentsikeskuses ning 18. augustil Wittensteini Tegevusmuuseumis Paides.\" \/>\n<meta name=\"robots\" content=\"index, follow, max-snippet:-1, max-image-preview:large, max-video-preview:-1\" \/>\n<link rel=\"canonical\" href=\"https:\/\/dementsus.ee\/ru\/registreeruge-juba-nuud-seminar-dementsus-ja-kaitumisprobleemid-teooria-pohjused-ja-praktilised-nouanded-toimub-15-ja-18-augustil-2023\/\" \/>\n<meta property=\"og:locale\" content=\"ru_RU\" \/>\n<meta property=\"og:type\" content=\"article\" \/>\n<meta property=\"og:title\" content=\"Registreeruge juba n\u00fc\u00fcd! Seminar &quot;Dementsus ja k\u00e4itumisprobleemid - teooria, p\u00f5hjused ja praktilised n\u00f5uanded&quot; toimub 15. ja 18. augustil 2023\" \/>\n<meta property=\"og:description\" content=\"Seminarid dementsuse ja k\u00e4itumisprobleemide teemal toimuvad 15. augustil Tallinnas hotell Dzingel konverentsikeskuses ning 18. augustil Wittensteini Tegevusmuuseumis Paides.\" \/>\n<meta property=\"og:url\" content=\"https:\/\/dementsus.ee\/ru\/registreeruge-juba-nuud-seminar-dementsus-ja-kaitumisprobleemid-teooria-pohjused-ja-praktilised-nouanded-toimub-15-ja-18-augustil-2023\/\" \/>\n<meta property=\"og:site_name\" content=\"Dementsuse Kompetentsikeskus\" \/>\n<meta property=\"article:published_time\" content=\"2023-07-13T08:09:56+00:00\" \/>\n<meta property=\"article:modified_time\" content=\"2023-11-30T15:23:25+00:00\" \/>\n<meta property=\"og:image\" content=\"https:\/\/dementsus.ee\/wp-content\/uploads\/2023\/07\/cropped-SEMINAR-Conference-5.png\" \/>\n\t<meta property=\"og:image:width\" content=\"1425\" \/>\n\t<meta property=\"og:image:height\" content=\"1183\" \/>\n\t<meta property=\"og:image:type\" content=\"image\/png\" \/>\n<meta name=\"author\" content=\"Kermo\" \/>\n<meta name=\"twitter:card\" content=\"summary_large_image\" \/>\n<meta name=\"twitter:label1\" content=\"\u041d\u0430\u043f\u0438\u0441\u0430\u043d\u043e \u0430\u0432\u0442\u043e\u0440\u043e\u043c\" \/>\n\t<meta name=\"twitter:data1\" content=\"Kermo\" \/>\n\t<meta name=\"twitter:label2\" content=\"\u041f\u0440\u0438\u043c\u0435\u0440\u043d\u043e\u0435 \u0432\u0440\u0435\u043c\u044f \u0434\u043b\u044f \u0447\u0442\u0435\u043d\u0438\u044f\" \/>\n\t<meta name=\"twitter:data2\" content=\"2 \u043c\u0438\u043d\u0443\u0442\u044b\" \/>\n<script type=\"application\/ld+json\" class=\"yoast-schema-graph\">{\"@context\":\"https:\/\/schema.org\",\"@graph\":[{\"@type\":\"Article\",\"@id\":\"https:\/\/dementsus.ee\/ru\/registreeruge-juba-nuud-seminar-dementsus-ja-kaitumisprobleemid-teooria-pohjused-ja-praktilised-nouanded-toimub-15-ja-18-augustil-2023\/#article\",\"isPartOf\":{\"@id\":\"https:\/\/dementsus.ee\/ru\/registreeruge-juba-nuud-seminar-dementsus-ja-kaitumisprobleemid-teooria-pohjused-ja-praktilised-nouanded-toimub-15-ja-18-augustil-2023\/\"},\"author\":{\"name\":\"Kermo\",\"@id\":\"https:\/\/dementsus.ee\/ru\/#\/schema\/person\/dd93d64f20e6c5add626937f6b5931ed\"},\"headline\":\"Registreeruge juba n\u00fc\u00fcd! Seminar &#171;Dementsus ja k\u00e4itumisprobleemid &#8212; teooria, p\u00f5hjused ja praktilised n\u00f5uanded&#187; toimub 15. ja 18. augustil 2023\",\"datePublished\":\"2023-07-13T08:09:56+00:00\",\"dateModified\":\"2023-11-30T15:23:25+00:00\",\"mainEntityOfPage\":{\"@id\":\"https:\/\/dementsus.ee\/ru\/registreeruge-juba-nuud-seminar-dementsus-ja-kaitumisprobleemid-teooria-pohjused-ja-praktilised-nouanded-toimub-15-ja-18-augustil-2023\/\"},\"wordCount\":211,\"commentCount\":0,\"publisher\":{\"@id\":\"https:\/\/dementsus.ee\/ru\/#organization\"},\"image\":{\"@id\":\"https:\/\/dementsus.ee\/ru\/registreeruge-juba-nuud-seminar-dementsus-ja-kaitumisprobleemid-teooria-pohjused-ja-praktilised-nouanded-toimub-15-ja-18-augustil-2023\/#primaryimage\"},\"thumbnailUrl\":\"https:\/\/dementsus.ee\/wp-content\/uploads\/2023\/07\/SEMINAR-Conference-5-442x618.png.webp\",\"articleSection\":[\"M\u00e4\u00e4ratlemata\"],\"inLanguage\":\"ru-RU\"},{\"@type\":\"WebPage\",\"@id\":\"https:\/\/dementsus.ee\/ru\/registreeruge-juba-nuud-seminar-dementsus-ja-kaitumisprobleemid-teooria-pohjused-ja-praktilised-nouanded-toimub-15-ja-18-augustil-2023\/\",\"url\":\"https:\/\/dementsus.ee\/ru\/registreeruge-juba-nuud-seminar-dementsus-ja-kaitumisprobleemid-teooria-pohjused-ja-praktilised-nouanded-toimub-15-ja-18-augustil-2023\/\",\"name\":\"Seminar \\\"Dementsus ja k\u00e4itumisprobleemid - teooria, p\u00f5hjused ja praktilised n\u00f5uanded\\\"\",\"isPartOf\":{\"@id\":\"https:\/\/dementsus.ee\/ru\/#website\"},\"primaryImageOfPage\":{\"@id\":\"https:\/\/dementsus.ee\/ru\/registreeruge-juba-nuud-seminar-dementsus-ja-kaitumisprobleemid-teooria-pohjused-ja-praktilised-nouanded-toimub-15-ja-18-augustil-2023\/#primaryimage\"},\"image\":{\"@id\":\"https:\/\/dementsus.ee\/ru\/registreeruge-juba-nuud-seminar-dementsus-ja-kaitumisprobleemid-teooria-pohjused-ja-praktilised-nouanded-toimub-15-ja-18-augustil-2023\/#primaryimage\"},\"thumbnailUrl\":\"https:\/\/dementsus.ee\/wp-content\/uploads\/2023\/07\/SEMINAR-Conference-5-442x618.png.webp\",\"datePublished\":\"2023-07-13T08:09:56+00:00\",\"dateModified\":\"2023-11-30T15:23:25+00:00\",\"description\":\"Seminarid dementsuse ja k\u00e4itumisprobleemide teemal toimuvad 15. augustil Tallinnas hotell Dzingel konverentsikeskuses ning 18. augustil Wittensteini Tegevusmuuseumis Paides.\",\"breadcrumb\":{\"@id\":\"https:\/\/dementsus.ee\/ru\/registreeruge-juba-nuud-seminar-dementsus-ja-kaitumisprobleemid-teooria-pohjused-ja-praktilised-nouanded-toimub-15-ja-18-augustil-2023\/#breadcrumb\"},\"inLanguage\":\"ru-RU\",\"potentialAction\":[{\"@type\":\"ReadAction\",\"target\":[\"https:\/\/dementsus.ee\/ru\/registreeruge-juba-nuud-seminar-dementsus-ja-kaitumisprobleemid-teooria-pohjused-ja-praktilised-nouanded-toimub-15-ja-18-augustil-2023\/\"]}]},{\"@type\":\"ImageObject\",\"inLanguage\":\"ru-RU\",\"@id\":\"https:\/\/dementsus.ee\/ru\/registreeruge-juba-nuud-seminar-dementsus-ja-kaitumisprobleemid-teooria-pohjused-ja-praktilised-nouanded-toimub-15-ja-18-augustil-2023\/#primaryimage\",\"url\":\"https:\/\/dementsus.ee\/wp-content\/uploads\/2023\/07\/SEMINAR-Conference-5-442x618.png.webp\",\"contentUrl\":\"https:\/\/dementsus.ee\/wp-content\/uploads\/2023\/07\/SEMINAR-Conference-5-442x618.png.webp\",\"width\":442,\"height\":618},{\"@type\":\"BreadcrumbList\",\"@id\":\"https:\/\/dementsus.ee\/ru\/registreeruge-juba-nuud-seminar-dementsus-ja-kaitumisprobleemid-teooria-pohjused-ja-praktilised-nouanded-toimub-15-ja-18-augustil-2023\/#breadcrumb\",\"itemListElement\":[{\"@type\":\"ListItem\",\"position\":1,\"name\":\"Esileht\",\"item\":\"https:\/\/dementsus.ee\/ru\/\"},{\"@type\":\"ListItem\",\"position\":2,\"name\":\"Registreeruge juba n\u00fc\u00fcd! Seminar &#8220;Dementsus ja k\u00e4itumisprobleemid &#8211; teooria, p\u00f5hjused ja praktilised n\u00f5uanded&#8221; toimub 15. ja 18. augustil 2023\"}]},{\"@type\":\"WebSite\",\"@id\":\"https:\/\/dementsus.ee\/ru\/#website\",\"url\":\"https:\/\/dementsus.ee\/ru\/\",\"name\":\"Dementsuse Kompetentsikeskus\",\"description\":\"dementsuse info ja abi\",\"publisher\":{\"@id\":\"https:\/\/dementsus.ee\/ru\/#organization\"},\"potentialAction\":[{\"@type\":\"SearchAction\",\"target\":{\"@type\":\"EntryPoint\",\"urlTemplate\":\"https:\/\/dementsus.ee\/ru\/?s={search_term_string}\"},\"query-input\":{\"@type\":\"PropertyValueSpecification\",\"valueRequired\":true,\"valueName\":\"search_term_string\"}}],\"inLanguage\":\"ru-RU\"},{\"@type\":\"Organization\",\"@id\":\"https:\/\/dementsus.ee\/ru\/#organization\",\"name\":\"Dementsuse Kompetentsikeskus\",\"url\":\"https:\/\/dementsus.ee\/ru\/\",\"logo\":{\"@type\":\"ImageObject\",\"inLanguage\":\"ru-RU\",\"@id\":\"https:\/\/dementsus.ee\/ru\/#\/schema\/logo\/image\/\",\"url\":\"https:\/\/dementsus.ee\/wp-content\/uploads\/2023\/07\/ED_logo_kodukale.svg\",\"contentUrl\":\"https:\/\/dementsus.ee\/wp-content\/uploads\/2023\/07\/ED_logo_kodukale.svg\",\"caption\":\"Dementsuse Kompetentsikeskus\"},\"image\":{\"@id\":\"https:\/\/dementsus.ee\/ru\/#\/schema\/logo\/image\/\"}},{\"@type\":\"Person\",\"@id\":\"https:\/\/dementsus.ee\/ru\/#\/schema\/person\/dd93d64f20e6c5add626937f6b5931ed\",\"name\":\"Kermo\",\"image\":{\"@type\":\"ImageObject\",\"inLanguage\":\"ru-RU\",\"@id\":\"https:\/\/dementsus.ee\/ru\/#\/schema\/person\/image\/\",\"url\":\"https:\/\/secure.gravatar.com\/avatar\/b2f0128e9063b66b5c6e595d8f4c39037d52f729089f1ad5afc34656e1d58a64?s=96&d=mm&r=g\",\"contentUrl\":\"https:\/\/secure.gravatar.com\/avatar\/b2f0128e9063b66b5c6e595d8f4c39037d52f729089f1ad5afc34656e1d58a64?s=96&d=mm&r=g\",\"caption\":\"Kermo\"},\"url\":\"https:\/\/dementsus.ee\/ru\/author\/kermo\/\"}]}<\/script>\n<!-- \/ Yoast SEO plugin. -->","yoast_head_json":{"title":"Seminar \"Dementsus ja k\u00e4itumisprobleemid - teooria, p\u00f5hjused ja praktilised n\u00f5uanded\"","description":"Seminarid dementsuse ja k\u00e4itumisprobleemide teemal toimuvad 15. augustil Tallinnas hotell Dzingel konverentsikeskuses ning 18. augustil Wittensteini Tegevusmuuseumis Paides.","robots":{"index":"index","follow":"follow","max-snippet":"max-snippet:-1","max-image-preview":"max-image-preview:large","max-video-preview":"max-video-preview:-1"},"canonical":"https:\/\/dementsus.ee\/ru\/registreeruge-juba-nuud-seminar-dementsus-ja-kaitumisprobleemid-teooria-pohjused-ja-praktilised-nouanded-toimub-15-ja-18-augustil-2023\/","og_locale":"ru_RU","og_type":"article","og_title":"Registreeruge juba n\u00fc\u00fcd! Seminar \"Dementsus ja k\u00e4itumisprobleemid - teooria, p\u00f5hjused ja praktilised n\u00f5uanded\" toimub 15. ja 18. augustil 2023","og_description":"Seminarid dementsuse ja k\u00e4itumisprobleemide teemal toimuvad 15. augustil Tallinnas hotell Dzingel konverentsikeskuses ning 18. augustil Wittensteini Tegevusmuuseumis Paides.","og_url":"https:\/\/dementsus.ee\/ru\/registreeruge-juba-nuud-seminar-dementsus-ja-kaitumisprobleemid-teooria-pohjused-ja-praktilised-nouanded-toimub-15-ja-18-augustil-2023\/","og_site_name":"Dementsuse Kompetentsikeskus","article_published_time":"2023-07-13T08:09:56+00:00","article_modified_time":"2023-11-30T15:23:25+00:00","og_image":[{"width":1425,"height":1183,"url":"https:\/\/dementsus.ee\/wp-content\/uploads\/2023\/07\/cropped-SEMINAR-Conference-5.png","type":"image\/png"}],"author":"Kermo","twitter_card":"summary_large_image","twitter_misc":{"\u041d\u0430\u043f\u0438\u0441\u0430\u043d\u043e \u0430\u0432\u0442\u043e\u0440\u043e\u043c":"Kermo","\u041f\u0440\u0438\u043c\u0435\u0440\u043d\u043e\u0435 \u0432\u0440\u0435\u043c\u044f \u0434\u043b\u044f \u0447\u0442\u0435\u043d\u0438\u044f":"2 \u043c\u0438\u043d\u0443\u0442\u044b"},"schema":{"@context":"https:\/\/schema.org","@graph":[{"@type":"Article","@id":"https:\/\/dementsus.ee\/ru\/registreeruge-juba-nuud-seminar-dementsus-ja-kaitumisprobleemid-teooria-pohjused-ja-praktilised-nouanded-toimub-15-ja-18-augustil-2023\/#article","isPartOf":{"@id":"https:\/\/dementsus.ee\/ru\/registreeruge-juba-nuud-seminar-dementsus-ja-kaitumisprobleemid-teooria-pohjused-ja-praktilised-nouanded-toimub-15-ja-18-augustil-2023\/"},"author":{"name":"Kermo","@id":"https:\/\/dementsus.ee\/ru\/#\/schema\/person\/dd93d64f20e6c5add626937f6b5931ed"},"headline":"Registreeruge juba n\u00fc\u00fcd! Seminar &#171;Dementsus ja k\u00e4itumisprobleemid &#8212; teooria, p\u00f5hjused ja praktilised n\u00f5uanded&#187; toimub 15. ja 18. augustil 2023","datePublished":"2023-07-13T08:09:56+00:00","dateModified":"2023-11-30T15:23:25+00:00","mainEntityOfPage":{"@id":"https:\/\/dementsus.ee\/ru\/registreeruge-juba-nuud-seminar-dementsus-ja-kaitumisprobleemid-teooria-pohjused-ja-praktilised-nouanded-toimub-15-ja-18-augustil-2023\/"},"wordCount":211,"commentCount":0,"publisher":{"@id":"https:\/\/dementsus.ee\/ru\/#organization"},"image":{"@id":"https:\/\/dementsus.ee\/ru\/registreeruge-juba-nuud-seminar-dementsus-ja-kaitumisprobleemid-teooria-pohjused-ja-praktilised-nouanded-toimub-15-ja-18-augustil-2023\/#primaryimage"},"thumbnailUrl":"https:\/\/dementsus.ee\/wp-content\/uploads\/2023\/07\/SEMINAR-Conference-5-442x618.png.webp","articleSection":["M\u00e4\u00e4ratlemata"],"inLanguage":"ru-RU"},{"@type":"WebPage","@id":"https:\/\/dementsus.ee\/ru\/registreeruge-juba-nuud-seminar-dementsus-ja-kaitumisprobleemid-teooria-pohjused-ja-praktilised-nouanded-toimub-15-ja-18-augustil-2023\/","url":"https:\/\/dementsus.ee\/ru\/registreeruge-juba-nuud-seminar-dementsus-ja-kaitumisprobleemid-teooria-pohjused-ja-praktilised-nouanded-toimub-15-ja-18-augustil-2023\/","name":"Seminar \"Dementsus ja k\u00e4itumisprobleemid - teooria, p\u00f5hjused ja praktilised n\u00f5uanded\"","isPartOf":{"@id":"https:\/\/dementsus.ee\/ru\/#website"},"primaryImageOfPage":{"@id":"https:\/\/dementsus.ee\/ru\/registreeruge-juba-nuud-seminar-dementsus-ja-kaitumisprobleemid-teooria-pohjused-ja-praktilised-nouanded-toimub-15-ja-18-augustil-2023\/#primaryimage"},"image":{"@id":"https:\/\/dementsus.ee\/ru\/registreeruge-juba-nuud-seminar-dementsus-ja-kaitumisprobleemid-teooria-pohjused-ja-praktilised-nouanded-toimub-15-ja-18-augustil-2023\/#primaryimage"},"thumbnailUrl":"https:\/\/dementsus.ee\/wp-content\/uploads\/2023\/07\/SEMINAR-Conference-5-442x618.png.webp","datePublished":"2023-07-13T08:09:56+00:00","dateModified":"2023-11-30T15:23:25+00:00","description":"Seminarid dementsuse ja k\u00e4itumisprobleemide teemal toimuvad 15. augustil Tallinnas hotell Dzingel konverentsikeskuses ning 18. augustil Wittensteini Tegevusmuuseumis Paides.","breadcrumb":{"@id":"https:\/\/dementsus.ee\/ru\/registreeruge-juba-nuud-seminar-dementsus-ja-kaitumisprobleemid-teooria-pohjused-ja-praktilised-nouanded-toimub-15-ja-18-augustil-2023\/#breadcrumb"},"inLanguage":"ru-RU","potentialAction":[{"@type":"ReadAction","target":["https:\/\/dementsus.ee\/ru\/registreeruge-juba-nuud-seminar-dementsus-ja-kaitumisprobleemid-teooria-pohjused-ja-praktilised-nouanded-toimub-15-ja-18-augustil-2023\/"]}]},{"@type":"ImageObject","inLanguage":"ru-RU","@id":"https:\/\/dementsus.ee\/ru\/registreeruge-juba-nuud-seminar-dementsus-ja-kaitumisprobleemid-teooria-pohjused-ja-praktilised-nouanded-toimub-15-ja-18-augustil-2023\/#primaryimage","url":"https:\/\/dementsus.ee\/wp-content\/uploads\/2023\/07\/SEMINAR-Conference-5-442x618.png.webp","contentUrl":"https:\/\/dementsus.ee\/wp-content\/uploads\/2023\/07\/SEMINAR-Conference-5-442x618.png.webp","width":442,"height":618},{"@type":"BreadcrumbList","@id":"https:\/\/dementsus.ee\/ru\/registreeruge-juba-nuud-seminar-dementsus-ja-kaitumisprobleemid-teooria-pohjused-ja-praktilised-nouanded-toimub-15-ja-18-augustil-2023\/#breadcrumb","itemListElement":[{"@type":"ListItem","position":1,"name":"Esileht","item":"https:\/\/dementsus.ee\/ru\/"},{"@type":"ListItem","position":2,"name":"Registreeruge juba n\u00fc\u00fcd! Seminar &#8220;Dementsus ja k\u00e4itumisprobleemid &#8211; teooria, p\u00f5hjused ja praktilised n\u00f5uanded&#8221; toimub 15. ja 18. augustil 2023"}]},{"@type":"WebSite","@id":"https:\/\/dementsus.ee\/ru\/#website","url":"https:\/\/dementsus.ee\/ru\/","name":"Dementsuse Kompetentsikeskus","description":"dementsuse info ja abi","publisher":{"@id":"https:\/\/dementsus.ee\/ru\/#organization"},"potentialAction":[{"@type":"SearchAction","target":{"@type":"EntryPoint","urlTemplate":"https:\/\/dementsus.ee\/ru\/?s={search_term_string}"},"query-input":{"@type":"PropertyValueSpecification","valueRequired":true,"valueName":"search_term_string"}}],"inLanguage":"ru-RU"},{"@type":"Organization","@id":"https:\/\/dementsus.ee\/ru\/#organization","name":"Dementsuse Kompetentsikeskus","url":"https:\/\/dementsus.ee\/ru\/","logo":{"@type":"ImageObject","inLanguage":"ru-RU","@id":"https:\/\/dementsus.ee\/ru\/#\/schema\/logo\/image\/","url":"https:\/\/dementsus.ee\/wp-content\/uploads\/2023\/07\/ED_logo_kodukale.svg","contentUrl":"https:\/\/dementsus.ee\/wp-content\/uploads\/2023\/07\/ED_logo_kodukale.svg","caption":"Dementsuse Kompetentsikeskus"},"image":{"@id":"https:\/\/dementsus.ee\/ru\/#\/schema\/logo\/image\/"}},{"@type":"Person","@id":"https:\/\/dementsus.ee\/ru\/#\/schema\/person\/dd93d64f20e6c5add626937f6b5931ed","name":"Kermo","image":{"@type":"ImageObject","inLanguage":"ru-RU","@id":"https:\/\/dementsus.ee\/ru\/#\/schema\/person\/image\/","url":"https:\/\/secure.gravatar.com\/avatar\/b2f0128e9063b66b5c6e595d8f4c39037d52f729089f1ad5afc34656e1d58a64?s=96&d=mm&r=g","contentUrl":"https:\/\/secure.gravatar.com\/avatar\/b2f0128e9063b66b5c6e595d8f4c39037d52f729089f1ad5afc34656e1d58a64?s=96&d=mm&r=g","caption":"Kermo"},"url":"https:\/\/dementsus.ee\/ru\/author\/kermo\/"}]}},"_links":{"self":[{"href":"https:\/\/dementsus.ee\/ru\/wp-json\/wp\/v2\/posts\/6921","targetHints":{"allow":["GET"]}}],"collection":[{"href":"https:\/\/dementsus.ee\/ru\/wp-json\/wp\/v2\/posts"}],"about":[{"href":"https:\/\/dementsus.ee\/ru\/wp-json\/wp\/v2\/types\/post"}],"author":[{"embeddable":true,"href":"https:\/\/dementsus.ee\/ru\/wp-json\/wp\/v2\/users\/2"}],"replies":[{"embeddable":true,"href":"https:\/\/dementsus.ee\/ru\/wp-json\/wp\/v2\/comments?post=6921"}],"version-history":[{"count":3,"href":"https:\/\/dementsus.ee\/ru\/wp-json\/wp\/v2\/posts\/6921\/revisions"}],"predecessor-version":[{"id":12983,"href":"https:\/\/dementsus.ee\/ru\/wp-json\/wp\/v2\/posts\/6921\/revisions\/12983"}],"wp:featuredmedia":[{"embeddable":true,"href":"https:\/\/dementsus.ee\/ru\/wp-json\/wp\/v2\/media\/8676"}],"wp:attachment":[{"href":"https:\/\/dementsus.ee\/ru\/wp-json\/wp\/v2\/media?parent=6921"}],"wp:term":[{"taxonomy":"category","embeddable":true,"href":"https:\/\/dementsus.ee\/ru\/wp-json\/wp\/v2\/categories?post=6921"},{"taxonomy":"post_tag","embeddable":true,"href":"https:\/\/dementsus.ee\/ru\/wp-json\/wp\/v2\/tags?post=6921"},{"taxonomy":"autor","embeddable":true,"href":"https:\/\/dementsus.ee\/ru\/wp-json\/wp\/v2\/autor?post=6921"}],"curies":[{"name":"wp","href":"https:\/\/api.w.org\/{rel}","templated":true}]}}