{"id":776,"date":"2019-07-08T00:15:32","date_gmt":"2019-07-08T00:15:32","guid":{"rendered":"http:\/\/eludementsusega.ee\/?p=776"},"modified":"2019-07-08T00:15:32","modified_gmt":"2019-07-08T00:15:32","slug":"eludementsusega-ee","status":"publish","type":"post","link":"https:\/\/dementsus.ee\/ru\/eludementsusega-ee\/","title":{"rendered":"Dementsuse valdkonna arendajad uuendasid kodulehte eludementsusega.ee"},"content":{"rendered":"<p>8. juulil avanes lugejatele uuendatud ja valdkonna\u00fclest informatsiooni koondav veebileht eludementsusega.ee. Sisulisema ja uue visuaalse identideediga kodulehe tegemiseks \u00fchendasid oma j\u00f5ud Dementsuse Komptentsikeskuse meeskond, MT\u00dc Elu Dementsusega ja Dementsuse T\u00f6\u00f6grupp (dementsus.ee tegijad). Kodulehe arendamisel l\u00e4htuti p\u00f5him\u00f5ttest, et dementsusega inimestel ja nende l\u00e4hedastel ning valdkonda arendavatel ja kokkupuutuvatel spetsialistidel on k\u00f5ige mugavam ja tervikpilti loov kui dementsusealane informatsioon on koondatud \u00fchele kodulehele.<\/p>\n<p>Dementsuse Kompetentsikeskuse logo on inspireeritud helesinisest meelespealillest, MT\u00dc Elu Dementsusega logo on sarnane, kuid s\u00fcmbolina on kasutatud lisaks p\u00e4ikselist s\u00fcdant lille keskel. Tahetakse, et dementsuse valdkonda visualiseerikski meelespealill, mis oma \u00f5rnuse ja iga\u00fche s\u00fcdamesopis &#171;meelespea &#8212; pea-mind-meeles&#187; nimega esindab h\u00e4sti dementsusega inimeste ja nende l\u00e4hedaste olukorda ja vajadusi.\u00a0 Meelespealilled liidavad seda valdkonda ning loovad \u00e4ratundmisr\u00f5\u00f5mu, kui m\u00e4rkame kaaslast n\u00e4iteks lille s\u00fcmboolikat kandmas.<\/p>\n<p>Uuendatud kodulehega arendati ka dementsuse valdkonna informatsiooni koondav uudiskirja saatmise v\u00f5imalus. Uudiskiri saadetakse soovijate meiliaadressile 4 korda aastas.<\/p>\n<p>Kodulehe tehnilised arendused on teinud Codelight O\u00dc, visuaalse identiteedi on loonud Tuumik Stuudio O\u00dc.<\/p>\n<p>Kodulehte arendatakse Dementsuse Kompetentsikeskuse poolt koost\u00f6\u00f6s MT\u00dc Elu Dementsusega\u00a0 edasi ning tehakse veelgi sisulisemaks, v\u00f5ttes arvesse sihtgrupi vajadusi informatsiooni j\u00e4rele.<\/p>\n<p>Kodulehe teemade osas oodatakse ettepanekuid info@eludementsusega.ee<\/p>\n","protected":false},"excerpt":{"rendered":"<p>8. juulil avanes lugejatele uuendatud ja valdkonna\u00fclest informatsiooni koondav veebileht eludementsusega.ee. Sisulisema ja uue visuaalse identideediga kodulehe tegemiseks \u00fchendasid oma j\u00f5ud Dementsuse Komptentsikeskuse meeskond, MT\u00dc Elu Dementsusega ja Dementsuse T\u00f6\u00f6grupp (dementsus.ee tegijad). Kodulehe arendamisel l\u00e4htuti p\u00f5him\u00f5ttest, et dementsusega inimestel ja nende l\u00e4hedastel ning valdkonda arendavatel ja kokkupuutuvatel spetsialistidel on k\u00f5ige mugavam ja tervikpilti loov kui [&hellip;]<\/p>\n","protected":false},"author":2,"featured_media":812,"comment_status":"open","ping_status":"open","sticky":false,"template":"","format":"standard","meta":{"footnotes":""},"categories":[1],"tags":[],"autor":[],"class_list":["post-776","post","type-post","status-publish","format-standard","has-post-thumbnail","hentry","category-maaratlemata"],"yoast_head":"<!-- This site is optimized with the Yoast SEO plugin v26.2 - https:\/\/yoast.com\/wordpress\/plugins\/seo\/ -->\n<title>Dementsuse valdkonna arendajad uuendasid kodulehte eludementsusega.ee - Dementsuse Kompetentsikeskus<\/title>\n<meta name=\"robots\" content=\"index, follow, max-snippet:-1, max-image-preview:large, max-video-preview:-1\" \/>\n<link rel=\"canonical\" href=\"https:\/\/dementsus.ee\/ru\/eludementsusega-ee\/\" \/>\n<meta property=\"og:locale\" content=\"ru_RU\" \/>\n<meta property=\"og:type\" content=\"article\" \/>\n<meta property=\"og:title\" content=\"Dementsuse valdkonna arendajad uuendasid kodulehte eludementsusega.ee - Dementsuse Kompetentsikeskus\" \/>\n<meta property=\"og:description\" content=\"8. juulil avanes lugejatele uuendatud ja valdkonna\u00fclest informatsiooni koondav veebileht eludementsusega.ee. Sisulisema ja uue visuaalse identideediga kodulehe tegemiseks \u00fchendasid oma j\u00f5ud Dementsuse Komptentsikeskuse meeskond, MT\u00dc Elu Dementsusega ja Dementsuse T\u00f6\u00f6grupp (dementsus.ee tegijad). Kodulehe arendamisel l\u00e4htuti p\u00f5him\u00f5ttest, et dementsusega inimestel ja nende l\u00e4hedastel ning valdkonda arendavatel ja kokkupuutuvatel spetsialistidel on k\u00f5ige mugavam ja tervikpilti loov kui [&hellip;]\" \/>\n<meta property=\"og:url\" content=\"https:\/\/dementsus.ee\/ru\/eludementsusega-ee\/\" \/>\n<meta property=\"og:site_name\" content=\"Dementsuse Kompetentsikeskus\" \/>\n<meta property=\"article:published_time\" content=\"2019-07-08T00:15:32+00:00\" \/>\n<meta property=\"og:image\" content=\"https:\/\/dementsus.ee\/wp-content\/uploads\/2019\/07\/featured_image.jpg\" \/>\n\t<meta property=\"og:image:width\" content=\"920\" \/>\n\t<meta property=\"og:image:height\" content=\"620\" \/>\n\t<meta property=\"og:image:type\" content=\"image\/jpeg\" \/>\n<meta name=\"author\" content=\"Kermo\" \/>\n<meta name=\"twitter:card\" content=\"summary_large_image\" \/>\n<meta name=\"twitter:label1\" content=\"\u041d\u0430\u043f\u0438\u0441\u0430\u043d\u043e \u0430\u0432\u0442\u043e\u0440\u043e\u043c\" \/>\n\t<meta name=\"twitter:data1\" content=\"Kermo\" \/>\n\t<meta name=\"twitter:label2\" content=\"\u041f\u0440\u0438\u043c\u0435\u0440\u043d\u043e\u0435 \u0432\u0440\u0435\u043c\u044f \u0434\u043b\u044f \u0447\u0442\u0435\u043d\u0438\u044f\" \/>\n\t<meta name=\"twitter:data2\" content=\"1 \u043c\u0438\u043d\u0443\u0442\u0430\" \/>\n<script type=\"application\/ld+json\" class=\"yoast-schema-graph\">{\"@context\":\"https:\/\/schema.org\",\"@graph\":[{\"@type\":\"Article\",\"@id\":\"https:\/\/dementsus.ee\/ru\/eludementsusega-ee\/#article\",\"isPartOf\":{\"@id\":\"https:\/\/dementsus.ee\/ru\/eludementsusega-ee\/\"},\"author\":{\"name\":\"Kermo\",\"@id\":\"https:\/\/dementsus.ee\/ru\/#\/schema\/person\/dd93d64f20e6c5add626937f6b5931ed\"},\"headline\":\"Dementsuse valdkonna arendajad uuendasid kodulehte eludementsusega.ee\",\"datePublished\":\"2019-07-08T00:15:32+00:00\",\"mainEntityOfPage\":{\"@id\":\"https:\/\/dementsus.ee\/ru\/eludementsusega-ee\/\"},\"wordCount\":213,\"commentCount\":0,\"publisher\":{\"@id\":\"https:\/\/dementsus.ee\/ru\/#organization\"},\"image\":{\"@id\":\"https:\/\/dementsus.ee\/ru\/eludementsusega-ee\/#primaryimage\"},\"thumbnailUrl\":\"https:\/\/dementsus.ee\/wp-content\/uploads\/2019\/07\/featured_image.jpg\",\"articleSection\":[\"M\u00e4\u00e4ratlemata\"],\"inLanguage\":\"ru-RU\"},{\"@type\":\"WebPage\",\"@id\":\"https:\/\/dementsus.ee\/ru\/eludementsusega-ee\/\",\"url\":\"https:\/\/dementsus.ee\/ru\/eludementsusega-ee\/\",\"name\":\"Dementsuse valdkonna arendajad uuendasid kodulehte eludementsusega.ee - Dementsuse Kompetentsikeskus\",\"isPartOf\":{\"@id\":\"https:\/\/dementsus.ee\/ru\/#website\"},\"primaryImageOfPage\":{\"@id\":\"https:\/\/dementsus.ee\/ru\/eludementsusega-ee\/#primaryimage\"},\"image\":{\"@id\":\"https:\/\/dementsus.ee\/ru\/eludementsusega-ee\/#primaryimage\"},\"thumbnailUrl\":\"https:\/\/dementsus.ee\/wp-content\/uploads\/2019\/07\/featured_image.jpg\",\"datePublished\":\"2019-07-08T00:15:32+00:00\",\"breadcrumb\":{\"@id\":\"https:\/\/dementsus.ee\/ru\/eludementsusega-ee\/#breadcrumb\"},\"inLanguage\":\"ru-RU\",\"potentialAction\":[{\"@type\":\"ReadAction\",\"target\":[\"https:\/\/dementsus.ee\/ru\/eludementsusega-ee\/\"]}]},{\"@type\":\"ImageObject\",\"inLanguage\":\"ru-RU\",\"@id\":\"https:\/\/dementsus.ee\/ru\/eludementsusega-ee\/#primaryimage\",\"url\":\"https:\/\/dementsus.ee\/wp-content\/uploads\/2019\/07\/featured_image.jpg\",\"contentUrl\":\"https:\/\/dementsus.ee\/wp-content\/uploads\/2019\/07\/featured_image.jpg\",\"width\":920,\"height\":620},{\"@type\":\"BreadcrumbList\",\"@id\":\"https:\/\/dementsus.ee\/ru\/eludementsusega-ee\/#breadcrumb\",\"itemListElement\":[{\"@type\":\"ListItem\",\"position\":1,\"name\":\"Esileht\",\"item\":\"https:\/\/dementsus.ee\/ru\/\"},{\"@type\":\"ListItem\",\"position\":2,\"name\":\"Dementsuse valdkonna arendajad uuendasid kodulehte eludementsusega.ee\"}]},{\"@type\":\"WebSite\",\"@id\":\"https:\/\/dementsus.ee\/ru\/#website\",\"url\":\"https:\/\/dementsus.ee\/ru\/\",\"name\":\"Dementsuse Kompetentsikeskus\",\"description\":\"dementsuse info ja abi\",\"publisher\":{\"@id\":\"https:\/\/dementsus.ee\/ru\/#organization\"},\"potentialAction\":[{\"@type\":\"SearchAction\",\"target\":{\"@type\":\"EntryPoint\",\"urlTemplate\":\"https:\/\/dementsus.ee\/ru\/?s={search_term_string}\"},\"query-input\":{\"@type\":\"PropertyValueSpecification\",\"valueRequired\":true,\"valueName\":\"search_term_string\"}}],\"inLanguage\":\"ru-RU\"},{\"@type\":\"Organization\",\"@id\":\"https:\/\/dementsus.ee\/ru\/#organization\",\"name\":\"Dementsuse Kompetentsikeskus\",\"url\":\"https:\/\/dementsus.ee\/ru\/\",\"logo\":{\"@type\":\"ImageObject\",\"inLanguage\":\"ru-RU\",\"@id\":\"https:\/\/dementsus.ee\/ru\/#\/schema\/logo\/image\/\",\"url\":\"https:\/\/dementsus.ee\/wp-content\/uploads\/2023\/07\/ED_logo_kodukale.svg\",\"contentUrl\":\"https:\/\/dementsus.ee\/wp-content\/uploads\/2023\/07\/ED_logo_kodukale.svg\",\"caption\":\"Dementsuse Kompetentsikeskus\"},\"image\":{\"@id\":\"https:\/\/dementsus.ee\/ru\/#\/schema\/logo\/image\/\"}},{\"@type\":\"Person\",\"@id\":\"https:\/\/dementsus.ee\/ru\/#\/schema\/person\/dd93d64f20e6c5add626937f6b5931ed\",\"name\":\"Kermo\",\"image\":{\"@type\":\"ImageObject\",\"inLanguage\":\"ru-RU\",\"@id\":\"https:\/\/dementsus.ee\/ru\/#\/schema\/person\/image\/\",\"url\":\"https:\/\/secure.gravatar.com\/avatar\/b2f0128e9063b66b5c6e595d8f4c39037d52f729089f1ad5afc34656e1d58a64?s=96&d=mm&r=g\",\"contentUrl\":\"https:\/\/secure.gravatar.com\/avatar\/b2f0128e9063b66b5c6e595d8f4c39037d52f729089f1ad5afc34656e1d58a64?s=96&d=mm&r=g\",\"caption\":\"Kermo\"},\"url\":\"https:\/\/dementsus.ee\/ru\/author\/kermo\/\"}]}<\/script>\n<!-- \/ Yoast SEO plugin. -->","yoast_head_json":{"title":"Dementsuse valdkonna arendajad uuendasid kodulehte eludementsusega.ee - Dementsuse Kompetentsikeskus","robots":{"index":"index","follow":"follow","max-snippet":"max-snippet:-1","max-image-preview":"max-image-preview:large","max-video-preview":"max-video-preview:-1"},"canonical":"https:\/\/dementsus.ee\/ru\/eludementsusega-ee\/","og_locale":"ru_RU","og_type":"article","og_title":"Dementsuse valdkonna arendajad uuendasid kodulehte eludementsusega.ee - Dementsuse Kompetentsikeskus","og_description":"8. juulil avanes lugejatele uuendatud ja valdkonna\u00fclest informatsiooni koondav veebileht eludementsusega.ee. Sisulisema ja uue visuaalse identideediga kodulehe tegemiseks \u00fchendasid oma j\u00f5ud Dementsuse Komptentsikeskuse meeskond, MT\u00dc Elu Dementsusega ja Dementsuse T\u00f6\u00f6grupp (dementsus.ee tegijad). Kodulehe arendamisel l\u00e4htuti p\u00f5him\u00f5ttest, et dementsusega inimestel ja nende l\u00e4hedastel ning valdkonda arendavatel ja kokkupuutuvatel spetsialistidel on k\u00f5ige mugavam ja tervikpilti loov kui [&hellip;]","og_url":"https:\/\/dementsus.ee\/ru\/eludementsusega-ee\/","og_site_name":"Dementsuse Kompetentsikeskus","article_published_time":"2019-07-08T00:15:32+00:00","og_image":[{"width":920,"height":620,"url":"https:\/\/dementsus.ee\/wp-content\/uploads\/2019\/07\/featured_image.jpg","type":"image\/jpeg"}],"author":"Kermo","twitter_card":"summary_large_image","twitter_misc":{"\u041d\u0430\u043f\u0438\u0441\u0430\u043d\u043e \u0430\u0432\u0442\u043e\u0440\u043e\u043c":"Kermo","\u041f\u0440\u0438\u043c\u0435\u0440\u043d\u043e\u0435 \u0432\u0440\u0435\u043c\u044f \u0434\u043b\u044f \u0447\u0442\u0435\u043d\u0438\u044f":"1 \u043c\u0438\u043d\u0443\u0442\u0430"},"schema":{"@context":"https:\/\/schema.org","@graph":[{"@type":"Article","@id":"https:\/\/dementsus.ee\/ru\/eludementsusega-ee\/#article","isPartOf":{"@id":"https:\/\/dementsus.ee\/ru\/eludementsusega-ee\/"},"author":{"name":"Kermo","@id":"https:\/\/dementsus.ee\/ru\/#\/schema\/person\/dd93d64f20e6c5add626937f6b5931ed"},"headline":"Dementsuse valdkonna arendajad uuendasid kodulehte eludementsusega.ee","datePublished":"2019-07-08T00:15:32+00:00","mainEntityOfPage":{"@id":"https:\/\/dementsus.ee\/ru\/eludementsusega-ee\/"},"wordCount":213,"commentCount":0,"publisher":{"@id":"https:\/\/dementsus.ee\/ru\/#organization"},"image":{"@id":"https:\/\/dementsus.ee\/ru\/eludementsusega-ee\/#primaryimage"},"thumbnailUrl":"https:\/\/dementsus.ee\/wp-content\/uploads\/2019\/07\/featured_image.jpg","articleSection":["M\u00e4\u00e4ratlemata"],"inLanguage":"ru-RU"},{"@type":"WebPage","@id":"https:\/\/dementsus.ee\/ru\/eludementsusega-ee\/","url":"https:\/\/dementsus.ee\/ru\/eludementsusega-ee\/","name":"Dementsuse valdkonna arendajad uuendasid kodulehte eludementsusega.ee - Dementsuse Kompetentsikeskus","isPartOf":{"@id":"https:\/\/dementsus.ee\/ru\/#website"},"primaryImageOfPage":{"@id":"https:\/\/dementsus.ee\/ru\/eludementsusega-ee\/#primaryimage"},"image":{"@id":"https:\/\/dementsus.ee\/ru\/eludementsusega-ee\/#primaryimage"},"thumbnailUrl":"https:\/\/dementsus.ee\/wp-content\/uploads\/2019\/07\/featured_image.jpg","datePublished":"2019-07-08T00:15:32+00:00","breadcrumb":{"@id":"https:\/\/dementsus.ee\/ru\/eludementsusega-ee\/#breadcrumb"},"inLanguage":"ru-RU","potentialAction":[{"@type":"ReadAction","target":["https:\/\/dementsus.ee\/ru\/eludementsusega-ee\/"]}]},{"@type":"ImageObject","inLanguage":"ru-RU","@id":"https:\/\/dementsus.ee\/ru\/eludementsusega-ee\/#primaryimage","url":"https:\/\/dementsus.ee\/wp-content\/uploads\/2019\/07\/featured_image.jpg","contentUrl":"https:\/\/dementsus.ee\/wp-content\/uploads\/2019\/07\/featured_image.jpg","width":920,"height":620},{"@type":"BreadcrumbList","@id":"https:\/\/dementsus.ee\/ru\/eludementsusega-ee\/#breadcrumb","itemListElement":[{"@type":"ListItem","position":1,"name":"Esileht","item":"https:\/\/dementsus.ee\/ru\/"},{"@type":"ListItem","position":2,"name":"Dementsuse valdkonna arendajad uuendasid kodulehte eludementsusega.ee"}]},{"@type":"WebSite","@id":"https:\/\/dementsus.ee\/ru\/#website","url":"https:\/\/dementsus.ee\/ru\/","name":"Dementsuse Kompetentsikeskus","description":"dementsuse info ja abi","publisher":{"@id":"https:\/\/dementsus.ee\/ru\/#organization"},"potentialAction":[{"@type":"SearchAction","target":{"@type":"EntryPoint","urlTemplate":"https:\/\/dementsus.ee\/ru\/?s={search_term_string}"},"query-input":{"@type":"PropertyValueSpecification","valueRequired":true,"valueName":"search_term_string"}}],"inLanguage":"ru-RU"},{"@type":"Organization","@id":"https:\/\/dementsus.ee\/ru\/#organization","name":"Dementsuse Kompetentsikeskus","url":"https:\/\/dementsus.ee\/ru\/","logo":{"@type":"ImageObject","inLanguage":"ru-RU","@id":"https:\/\/dementsus.ee\/ru\/#\/schema\/logo\/image\/","url":"https:\/\/dementsus.ee\/wp-content\/uploads\/2023\/07\/ED_logo_kodukale.svg","contentUrl":"https:\/\/dementsus.ee\/wp-content\/uploads\/2023\/07\/ED_logo_kodukale.svg","caption":"Dementsuse Kompetentsikeskus"},"image":{"@id":"https:\/\/dementsus.ee\/ru\/#\/schema\/logo\/image\/"}},{"@type":"Person","@id":"https:\/\/dementsus.ee\/ru\/#\/schema\/person\/dd93d64f20e6c5add626937f6b5931ed","name":"Kermo","image":{"@type":"ImageObject","inLanguage":"ru-RU","@id":"https:\/\/dementsus.ee\/ru\/#\/schema\/person\/image\/","url":"https:\/\/secure.gravatar.com\/avatar\/b2f0128e9063b66b5c6e595d8f4c39037d52f729089f1ad5afc34656e1d58a64?s=96&d=mm&r=g","contentUrl":"https:\/\/secure.gravatar.com\/avatar\/b2f0128e9063b66b5c6e595d8f4c39037d52f729089f1ad5afc34656e1d58a64?s=96&d=mm&r=g","caption":"Kermo"},"url":"https:\/\/dementsus.ee\/ru\/author\/kermo\/"}]}},"_links":{"self":[{"href":"https:\/\/dementsus.ee\/ru\/wp-json\/wp\/v2\/posts\/776","targetHints":{"allow":["GET"]}}],"collection":[{"href":"https:\/\/dementsus.ee\/ru\/wp-json\/wp\/v2\/posts"}],"about":[{"href":"https:\/\/dementsus.ee\/ru\/wp-json\/wp\/v2\/types\/post"}],"author":[{"embeddable":true,"href":"https:\/\/dementsus.ee\/ru\/wp-json\/wp\/v2\/users\/2"}],"replies":[{"embeddable":true,"href":"https:\/\/dementsus.ee\/ru\/wp-json\/wp\/v2\/comments?post=776"}],"version-history":[{"count":0,"href":"https:\/\/dementsus.ee\/ru\/wp-json\/wp\/v2\/posts\/776\/revisions"}],"wp:featuredmedia":[{"embeddable":true,"href":"https:\/\/dementsus.ee\/ru\/wp-json\/wp\/v2\/media\/812"}],"wp:attachment":[{"href":"https:\/\/dementsus.ee\/ru\/wp-json\/wp\/v2\/media?parent=776"}],"wp:term":[{"taxonomy":"category","embeddable":true,"href":"https:\/\/dementsus.ee\/ru\/wp-json\/wp\/v2\/categories?post=776"},{"taxonomy":"post_tag","embeddable":true,"href":"https:\/\/dementsus.ee\/ru\/wp-json\/wp\/v2\/tags?post=776"},{"taxonomy":"autor","embeddable":true,"href":"https:\/\/dementsus.ee\/ru\/wp-json\/wp\/v2\/autor?post=776"}],"curies":[{"name":"wp","href":"https:\/\/api.w.org\/{rel}","templated":true}]}}