{"id":842,"date":"2019-08-15T12:04:58","date_gmt":"2019-08-15T12:04:58","guid":{"rendered":"https:\/\/eludementsusega.ee\/?p=842"},"modified":"2019-08-15T12:04:58","modified_gmt":"2019-08-15T12:04:58","slug":"dementsusega-inimene-on-sama-vaartuslik-kui-dementsuseta-inimene","status":"publish","type":"post","link":"https:\/\/dementsus.ee\/ru\/dementsusega-inimene-on-sama-vaartuslik-kui-dementsuseta-inimene\/","title":{"rendered":"Dementsusega inimene on sama v\u00e4\u00e4rtuslik kui dementsuseta inimene"},"content":{"rendered":"<p><strong>Paide Arvamusfestivali dementsuse teemalisel arutelul j\u00f5uti arusaamani, et \u00fchiskonna teadlikkuse t\u00f5stmine ja juba lastele dementsusest avalikult r\u00e4\u00e4kimine v\u00e4hendab dementsusega inimeste ja nende perede h\u00e4bitunnet. &#171;See, et keegi p\u00f5eb dementsust, ei v\u00e4henda tema v\u00e4\u00e4rtust inimesena&#187;, \u00fctles arvamusfestivali tervisealal toimunud paneeldiskussioonil \u201cDementsuss\u00f5bralik keskkond \u2013 milline ja miks \u2013 k\u00f5ik saavad panustada\u201d arutleja Andrus Vaarik.\u00a0<\/strong><\/p>\n<p>Paneeldiskussiooni avades selgitas arutelu moderaator Mari Rull turvalise keskkonna olulisust dementsusega inimese jaoks, tuues n\u00e4iteks, et hooldekodust, mis on steriilne ja sarnaneb haiglakeskkonnale, tahab dementsusega inimene \u00e4ra minna, kuna see ei sarnane kodule. &#171;Peab m\u00f5tlema sellele, kuidas luua teenuseid ja keskkondi, kus dementsusega inimene ennast h\u00e4sti tunneks ja julgeks ka avatumalt r\u00e4\u00e4kida,&#187; \u00fctles Mari paneeldiskussiooni avades.<\/p>\n<figure id=\"attachment_862\" aria-describedby=\"caption-attachment-862\" style=\"width: 4032px\" class=\"wp-caption alignnone\"><img fetchpriority=\"high\" decoding=\"async\" class=\"wp-image-862 size-full\" src=\"https:\/\/eludementsusega.ee\/app\/uploads\/2019\/08\/IMG_1195-2.jpg\" alt=\"\" width=\"4032\" height=\"3024\" srcset=\"https:\/\/dementsus.ee\/wp-content\/uploads\/2019\/08\/IMG_1195-2.jpg 1920w, https:\/\/dementsus.ee\/wp-content\/uploads\/2019\/08\/IMG_1195-2-600x450.jpg 600w, https:\/\/dementsus.ee\/wp-content\/uploads\/2019\/08\/IMG_1195-2-300x225.jpg 300w, https:\/\/dementsus.ee\/wp-content\/uploads\/2019\/08\/IMG_1195-2-1024x768.jpg 1024w, https:\/\/dementsus.ee\/wp-content\/uploads\/2019\/08\/IMG_1195-2-768x576.jpg 768w, https:\/\/dementsus.ee\/wp-content\/uploads\/2019\/08\/IMG_1195-2-1536x1152.jpg 1536w\" sizes=\"(max-width: 4032px) 100vw, 4032px\" \/><figcaption id=\"caption-attachment-862\" class=\"wp-caption-text\">Arutlejad Andrus Vaarik ja H\u00e4li Tarum<\/figcaption><\/figure>\n<p><strong>Vaja on rohkem kodus elamist toetavaid teenuseid<\/strong><\/p>\n<p>Paneeldiskussiooni teine arutlejatest, sotsiaalministeeriumi hoolekande osakonna juht H\u00e4li Tarum t\u00f5i v\u00e4lja, et inimesed tajuvad kahte v\u00f5imalust: kas eakas inimene l\u00e4heb elama hooldekodusse v\u00f5i loobub pereliige t\u00f6\u00f6st ja j\u00e4\u00e4b koju dementsusega l\u00e4hedast hooldama. Vajalik on arendada kolmandat ja k\u00f5ige paremat lahendust &#8212; koduteenuseid &#8212; mis v\u00f5imaldaksid dementsusega inimestel v\u00f5imalikult kaua oma kodus elada. &#171;Hetkel pakutakse koduteenuseid kohalike omavalitsuste poolt \u00fcle Eesti v\u00e4ga erinevalt, samuti k\u00fcsitakse teenuse eest tasu erinevalt v\u00f5i pakutakse teenust ainult neile, kellel ei ole sugulasi,&#187; nentis H\u00e4li.<\/p>\n<p>Diskussiooni kuulajate hulgast toodi v\u00e4lja, et kohaliku omavalitsuse poole p\u00f6\u00f6rdumisel on h\u00e4bitunne kerge tekkima, kuna omavalitsusel abi pakkuda ei ole ja l\u00e4hedasel j\u00e4\u00e4b tunne nagu peaks abi anuma. Vajalik oleks kaardistada kohaliku omavalitsuse ja teiste asutuste teekond, kuhu ja mis k\u00fcsimusega dementsusega inimene ja tema pereliige saab p\u00f6\u00f6rduda dementsuse erinevatest staadiumitest p\u00f5hjustatud abi saamise vajaduse korral.<\/p>\n<p><strong>H\u00e4bitunnet v\u00e4hendab \u00fchiskonna teadlikkuse kasv<\/strong><\/p>\n<p>&#171;Me ei tohiks dementsusega inimesi panna teise kasti, vaid peaksime neid toetama,&#187; t\u00f5i esile dementsuse teemalise arutelu korraldaja Chris Ellermaa.\u00a0 K\u00f5ik saab alguse meie &#8212; pereliikmete ja kogukonnaliikmete &#8212; julgusest ja teadlikkusest. Peame julgema dementsusega inimesi kaasata igap\u00e4evaelu tegevustesse \u2013 k\u00e4ima teatris ja poes jne. \u201eDementsuse teema ei peaks olema ainult peresisene asi, sellest peaks julgetama r\u00e4\u00e4kida, siis saavad teised vajadusel ka appi tulla,\u201c arvati kuulajate hulgast.<\/p>\n<p>Andrus Vaarik \u00fctles, et h\u00e4bist tuleb \u00fcle saada ja teenuseid tuleb n\u00f5uda, selgitades, et kunagi n\u00f5ukogude ajal olime objektid, n\u00fc\u00fcd aga oleme subjektid. \u00dchiskonnas ei tohiks olla eakate \u00e4ra peitmist ja suhtumist, et kui eakas \u00fchiskonnale enam v\u00e4\u00e4rtust ei loo, siis ei ole ta enam kasulik.<\/p>\n<p>Suhtumise muutumise m\u00e4rks\u00f5nadeks on m\u00e4rkamine ja julgemine. \u201eTeadlikkuse teema on oluline ka peredele, kellel on raske dementsuse diagnoosiga leppida, pigem eitatakse \u2013 leppimise momendini j\u00f5udmine on keeruline,\u201c \u00f6eldi osalejate hulgast. \u00a0Kuulajaskonna poolt peeti \u00a0oluliseks \u00fchiskonna teadlikkust haigusest ning \u00fchiskonna harimist, et see teema ei tunduks nii hirmus. Tahetakse, et ka \u201enaabrit\u00e4di\u201c, kes kogukonna liikmena saab dementsusega inimest aidata, teaks, mida dementsus t\u00e4hendab. \u201eMe ei peaks teemaga tegelema ainult siis, kui see on parasjagu perekonnas, see ei peaks olema ainult tugigrupi teema, kaasata tuleb \u00fchiskond laiemalt,\u201c \u00f6eldi auditooriumist.<\/p>\n<p><strong>Dementsuse teema koolide \u00f5ppekavadesse<\/strong><\/p>\n<p>&#171;V\u00e4lismaal k\u00e4ivad \u00f5pilased vanadekodus \u00fchiskondlikku kasulikku t\u00f6\u00f6d tegemas &#8212; \u00a0l\u00e4bi selle kasvatatakse ja harjutatakse noori inimesi eakatega ja see toimib h\u00e4sti,&#187; toodi diskussioonil osalejaskonna poolt n\u00e4ide.<\/p>\n<p>Sotsiaalministeeriumi esindaja nendib samuti, et dementsuse teema peaks olema juba alushariduse programmides, sest nii kasvaksime teadlikumaks ja seel\u00e4bi sallivamaks.<\/p>\n<figure id=\"attachment_863\" aria-describedby=\"caption-attachment-863\" style=\"width: 4032px\" class=\"wp-caption alignnone\"><img decoding=\"async\" class=\"wp-image-863 size-full\" style=\"font-size: 1.125rem;\" src=\"https:\/\/eludementsusega.ee\/app\/uploads\/2019\/08\/IMG_1198-2.jpg\" alt=\"\" width=\"4032\" height=\"3024\" srcset=\"https:\/\/dementsus.ee\/wp-content\/uploads\/2019\/08\/IMG_1198-2.jpg 1920w, https:\/\/dementsus.ee\/wp-content\/uploads\/2019\/08\/IMG_1198-2-600x450.jpg 600w, https:\/\/dementsus.ee\/wp-content\/uploads\/2019\/08\/IMG_1198-2-300x225.jpg 300w, https:\/\/dementsus.ee\/wp-content\/uploads\/2019\/08\/IMG_1198-2-1024x768.jpg 1024w, https:\/\/dementsus.ee\/wp-content\/uploads\/2019\/08\/IMG_1198-2-768x576.jpg 768w, https:\/\/dementsus.ee\/wp-content\/uploads\/2019\/08\/IMG_1198-2-1536x1152.jpg 1536w\" sizes=\"(max-width: 4032px) 100vw, 4032px\" \/><figcaption id=\"caption-attachment-863\" class=\"wp-caption-text\">Kuulajad osalesid aktiivselt diskussioonis, avaldades arvamust ja esitades k\u00fcsimusi&#8230;<\/figcaption><\/figure>\n<p><strong>Ka haigena on oluline elust r\u00f5\u00f5mu tunda<\/strong><\/p>\n<p><strong>\u201e<\/strong>Ole aktiivne, suhtle ja n\u00e4iteks tantsi! Passiivsus tekitab depressiooni ja see on halb\u201c, \u00fctleb neuroloog dr. \u00dclla Linnam\u00e4gi dementsuse ennetamise kohta. \u201eTunneme elust r\u00f5\u00f5mu sellisena nagu oleme,\u201c \u00fctleb kuulajate hulgast \u00fcks noormees. \u201eSaame enda elu muuta \u2013 isegi kui oleme haiged,\u201c \u00fctleb ta.<\/p>\n<p>Andrus Vaarik julgustab osalejaid julgema naerda &#8212; mitte haige inimese \u00fcle, vaid temaga koos. \u201e\u00c4rme karda naerda, sest elu on alati pluss m\u00e4rgiga. Kuni elus oled, on see suur \u00f5nn,\u201c \u00fctleb Vaarik. \u00a0Vaarik t\u00f5deb ka, et kui tal oleks valida noorelt surra v\u00f5i elada dementsusega, valiks ta viimase. Inimene on k\u00f5ige v\u00e4\u00e4rtuslikum asi \u00fcldse!<\/p>\n<figure id=\"attachment_865\" aria-describedby=\"caption-attachment-865\" style=\"width: 4032px\" class=\"wp-caption alignnone\"><img decoding=\"async\" class=\"wp-image-865 size-full\" src=\"https:\/\/eludementsusega.ee\/app\/uploads\/2019\/08\/IMG_1190-2.jpg\" alt=\"\" width=\"4032\" height=\"3024\" srcset=\"https:\/\/dementsus.ee\/wp-content\/uploads\/2019\/08\/IMG_1190-2.jpg 1920w, https:\/\/dementsus.ee\/wp-content\/uploads\/2019\/08\/IMG_1190-2-600x450.jpg 600w, https:\/\/dementsus.ee\/wp-content\/uploads\/2019\/08\/IMG_1190-2-300x225.jpg 300w, https:\/\/dementsus.ee\/wp-content\/uploads\/2019\/08\/IMG_1190-2-1024x768.jpg 1024w, https:\/\/dementsus.ee\/wp-content\/uploads\/2019\/08\/IMG_1190-2-768x576.jpg 768w, https:\/\/dementsus.ee\/wp-content\/uploads\/2019\/08\/IMG_1190-2-1536x1152.jpg 1536w\" sizes=\"(max-width: 4032px) 100vw, 4032px\" \/><figcaption id=\"caption-attachment-865\" class=\"wp-caption-text\">Diskussiooni moderaator Mari Rull ning arutlejad H\u00e4li Tarum ja Andrus Vaarik<\/figcaption><\/figure>\n<p><strong>Elutestament ja dementsusega inimeste enda h\u00e4\u00e4l<\/strong><\/p>\n<p>Diskussioonil t\u00f5statati ka teema elutestamendi tegemisest: inimese kirjalikust tahteavaldusest, mida ta haigena, kui ta ise ei saa enam enda eest r\u00e4\u00e4kida, tahab v\u00f5i ei taha. Pille Sillaste, palliatiivse ravi arendaja Eestis, toob n\u00e4iteks, et elutestament on hetkel Eestis seaduseloome ootel, et anda seaduslik j\u00f5ud n\u00e4iteks elustamiskeelule. Elutestamenti saab inimene kirja panna selle, mis on tema jaoks v\u00e4\u00e4rtuslik. Dementsuse varajast diagnoosi saades on dementsusega inimesel hea v\u00f5imalus kirja panna oma ootused ja soovid, millest pereliikmed dementsuse s\u00fcvenedes saaksid l\u00e4htuda.<\/p>\n<p>H\u00e4li Tarum toob esile teema, et Eestis ei ole \u00fchtegi tuntud avalikult sihtgrupi eest k\u00f5nelevat dementsusega inimest. Paljudes riikides seisavad enda \u00f5iguste eest dementsusega inimesed ise, n\u00e4iteks Euroopas tegutseb dementsusega inimeste \u00f5iguste ja huvide eest seisev t\u00f6\u00f6grupp, milles osalevad erinevate riikide dementsusega inimesed. \u201eOotame, et inimesed tuleksid \u201ekapist v\u00e4lja\u201c \u2013 loodame, et \u00fchiskonna teadlikkuse kasv ja teemale avatus aitab kaasa Eestis dementsuse diagnoosiga avaliku esik\u00f5neleja ette astumiseks,\u201c \u00fctleb H\u00e4li.<\/p>\n<p>Diskussioonil osalenud \u00fcle poolesaja inimese said arutelu l\u00f5ppakordilt m\u00f5tetesse kaasa Chris Ellermaa poolt v\u00e4lja \u00f6eldud armsa tsitaadi Uku Masingult: <em>Elu m\u00f5te on elusam olemine!<\/em><\/p>\n<p>_____________________________________________________________________________________________________________<\/p>\n<p><em>10<\/em>. <em style=\"font-size: 1.125rem;\">augustil 2019 Paide Arvamusfestivali terviseala paneeldiskussioonil \u201cDementsuss\u00f5bralik keskkond \u2013 milline ja miks \u2013 k\u00f5ik saavad panustada<strong>\u201d<\/strong> arutelu juhtis MT\u00dc Elu Dementsusega liige ja pikaaegse juhtimiskogemusega sotsiaals\u00fcsteemi ekspert <strong>Mari Rull<\/strong>, arutlejateks olid sotsiaalteaduste doktorant ja sotsiaalministeeriumi hoolekande osakonna juhataja <strong>H\u00e4li Tarum<\/strong>\u00a0ning n\u00e4itleja, lavastaja ja noorpoliitik <strong>Andrus Vaarik<\/strong>. Andrus Vaarik oli arutlejaks kutsutud, kuna ta m\u00e4ngib Linnateatri lavastuses \u201e<strong>Mineku eel<\/strong>\u201c <\/em><a style=\"font-size: 1.125rem;\" href=\"https:\/\/www.linnateater.ee\/lavastused\/lavastuste-nimekiri\/mineku-eel\">https:\/\/www.linnateater.ee\/lavastused\/lavastuste-nimekiri\/mineku-eel<\/a><span style=\"font-size: 1.125rem;\"> Andr\u00e9 rollis dementsusega inimest. <\/span><em style=\"font-size: 1.125rem;\">\u00a0<\/em><\/p>\n<p><em>Arutelu idee ja korralduse juht oli MT\u00dc Elu Dementsusega juhatuse liige <strong>Chris Ellermaa<\/strong>.<\/em><\/p>\n","protected":false},"excerpt":{"rendered":"<p>Paide Arvamusfestivali dementsuse teemalisel arutelul j\u00f5uti arusaamani, et \u00fchiskonna teadlikkuse t\u00f5stmine ja juba lastele dementsusest avalikult r\u00e4\u00e4kimine v\u00e4hendab dementsusega inimeste ja nende perede h\u00e4bitunnet. &#171;See, et keegi p\u00f5eb dementsust, ei v\u00e4henda tema v\u00e4\u00e4rtust inimesena&#187;, \u00fctles arvamusfestivali tervisealal toimunud paneeldiskussioonil \u201cDementsuss\u00f5bralik keskkond \u2013 milline ja miks \u2013 k\u00f5ik saavad panustada\u201d arutleja Andrus Vaarik.\u00a0 Paneeldiskussiooni avades selgitas [&hellip;]<\/p>\n","protected":false},"author":2,"featured_media":862,"comment_status":"open","ping_status":"open","sticky":false,"template":"","format":"standard","meta":{"footnotes":""},"categories":[1],"tags":[],"autor":[],"class_list":["post-842","post","type-post","status-publish","format-standard","has-post-thumbnail","hentry","category-maaratlemata"],"yoast_head":"<!-- This site is optimized with the Yoast SEO plugin v26.2 - https:\/\/yoast.com\/wordpress\/plugins\/seo\/ -->\n<title>Dementsusega inimene on sama v\u00e4\u00e4rtuslik kui dementsuseta inimene - Dementsuse Kompetentsikeskus<\/title>\n<meta name=\"robots\" content=\"index, follow, max-snippet:-1, max-image-preview:large, max-video-preview:-1\" \/>\n<link rel=\"canonical\" href=\"https:\/\/dementsus.ee\/ru\/dementsusega-inimene-on-sama-vaartuslik-kui-dementsuseta-inimene\/\" \/>\n<meta property=\"og:locale\" content=\"ru_RU\" \/>\n<meta property=\"og:type\" content=\"article\" \/>\n<meta property=\"og:title\" content=\"Dementsusega inimene on sama v\u00e4\u00e4rtuslik kui dementsuseta inimene - Dementsuse Kompetentsikeskus\" \/>\n<meta property=\"og:description\" content=\"Paide Arvamusfestivali dementsuse teemalisel arutelul j\u00f5uti arusaamani, et \u00fchiskonna teadlikkuse t\u00f5stmine ja juba lastele dementsusest avalikult r\u00e4\u00e4kimine v\u00e4hendab dementsusega inimeste ja nende perede h\u00e4bitunnet. &#171;See, et keegi p\u00f5eb dementsust, ei v\u00e4henda tema v\u00e4\u00e4rtust inimesena&#187;, \u00fctles arvamusfestivali tervisealal toimunud paneeldiskussioonil \u201cDementsuss\u00f5bralik keskkond \u2013 milline ja miks \u2013 k\u00f5ik saavad panustada\u201d arutleja Andrus Vaarik.\u00a0 Paneeldiskussiooni avades selgitas [&hellip;]\" \/>\n<meta property=\"og:url\" content=\"https:\/\/dementsus.ee\/ru\/dementsusega-inimene-on-sama-vaartuslik-kui-dementsuseta-inimene\/\" \/>\n<meta property=\"og:site_name\" content=\"Dementsuse Kompetentsikeskus\" \/>\n<meta property=\"article:published_time\" content=\"2019-08-15T12:04:58+00:00\" \/>\n<meta property=\"og:image\" content=\"https:\/\/dementsus.ee\/wp-content\/uploads\/2019\/08\/IMG_1195-2.jpg\" \/>\n\t<meta property=\"og:image:width\" content=\"1920\" \/>\n\t<meta property=\"og:image:height\" content=\"1440\" \/>\n\t<meta property=\"og:image:type\" content=\"image\/jpeg\" \/>\n<meta name=\"author\" content=\"Kermo\" \/>\n<meta name=\"twitter:card\" content=\"summary_large_image\" \/>\n<meta name=\"twitter:label1\" content=\"\u041d\u0430\u043f\u0438\u0441\u0430\u043d\u043e \u0430\u0432\u0442\u043e\u0440\u043e\u043c\" \/>\n\t<meta name=\"twitter:data1\" content=\"Kermo\" \/>\n\t<meta name=\"twitter:label2\" content=\"\u041f\u0440\u0438\u043c\u0435\u0440\u043d\u043e\u0435 \u0432\u0440\u0435\u043c\u044f \u0434\u043b\u044f \u0447\u0442\u0435\u043d\u0438\u044f\" \/>\n\t<meta name=\"twitter:data2\" content=\"5 \u043c\u0438\u043d\u0443\u0442\" \/>\n<script type=\"application\/ld+json\" class=\"yoast-schema-graph\">{\"@context\":\"https:\/\/schema.org\",\"@graph\":[{\"@type\":\"Article\",\"@id\":\"https:\/\/dementsus.ee\/ru\/dementsusega-inimene-on-sama-vaartuslik-kui-dementsuseta-inimene\/#article\",\"isPartOf\":{\"@id\":\"https:\/\/dementsus.ee\/ru\/dementsusega-inimene-on-sama-vaartuslik-kui-dementsuseta-inimene\/\"},\"author\":{\"name\":\"Kermo\",\"@id\":\"https:\/\/dementsus.ee\/ru\/#\/schema\/person\/dd93d64f20e6c5add626937f6b5931ed\"},\"headline\":\"Dementsusega inimene on sama v\u00e4\u00e4rtuslik kui dementsuseta inimene\",\"datePublished\":\"2019-08-15T12:04:58+00:00\",\"mainEntityOfPage\":{\"@id\":\"https:\/\/dementsus.ee\/ru\/dementsusega-inimene-on-sama-vaartuslik-kui-dementsuseta-inimene\/\"},\"wordCount\":1018,\"commentCount\":0,\"publisher\":{\"@id\":\"https:\/\/dementsus.ee\/ru\/#organization\"},\"image\":{\"@id\":\"https:\/\/dementsus.ee\/ru\/dementsusega-inimene-on-sama-vaartuslik-kui-dementsuseta-inimene\/#primaryimage\"},\"thumbnailUrl\":\"https:\/\/dementsus.ee\/wp-content\/uploads\/2019\/08\/IMG_1195-2.jpg\",\"articleSection\":[\"M\u00e4\u00e4ratlemata\"],\"inLanguage\":\"ru-RU\"},{\"@type\":\"WebPage\",\"@id\":\"https:\/\/dementsus.ee\/ru\/dementsusega-inimene-on-sama-vaartuslik-kui-dementsuseta-inimene\/\",\"url\":\"https:\/\/dementsus.ee\/ru\/dementsusega-inimene-on-sama-vaartuslik-kui-dementsuseta-inimene\/\",\"name\":\"Dementsusega inimene on sama v\u00e4\u00e4rtuslik kui dementsuseta inimene - Dementsuse Kompetentsikeskus\",\"isPartOf\":{\"@id\":\"https:\/\/dementsus.ee\/ru\/#website\"},\"primaryImageOfPage\":{\"@id\":\"https:\/\/dementsus.ee\/ru\/dementsusega-inimene-on-sama-vaartuslik-kui-dementsuseta-inimene\/#primaryimage\"},\"image\":{\"@id\":\"https:\/\/dementsus.ee\/ru\/dementsusega-inimene-on-sama-vaartuslik-kui-dementsuseta-inimene\/#primaryimage\"},\"thumbnailUrl\":\"https:\/\/dementsus.ee\/wp-content\/uploads\/2019\/08\/IMG_1195-2.jpg\",\"datePublished\":\"2019-08-15T12:04:58+00:00\",\"breadcrumb\":{\"@id\":\"https:\/\/dementsus.ee\/ru\/dementsusega-inimene-on-sama-vaartuslik-kui-dementsuseta-inimene\/#breadcrumb\"},\"inLanguage\":\"ru-RU\",\"potentialAction\":[{\"@type\":\"ReadAction\",\"target\":[\"https:\/\/dementsus.ee\/ru\/dementsusega-inimene-on-sama-vaartuslik-kui-dementsuseta-inimene\/\"]}]},{\"@type\":\"ImageObject\",\"inLanguage\":\"ru-RU\",\"@id\":\"https:\/\/dementsus.ee\/ru\/dementsusega-inimene-on-sama-vaartuslik-kui-dementsuseta-inimene\/#primaryimage\",\"url\":\"https:\/\/dementsus.ee\/wp-content\/uploads\/2019\/08\/IMG_1195-2.jpg\",\"contentUrl\":\"https:\/\/dementsus.ee\/wp-content\/uploads\/2019\/08\/IMG_1195-2.jpg\",\"width\":1920,\"height\":1440},{\"@type\":\"BreadcrumbList\",\"@id\":\"https:\/\/dementsus.ee\/ru\/dementsusega-inimene-on-sama-vaartuslik-kui-dementsuseta-inimene\/#breadcrumb\",\"itemListElement\":[{\"@type\":\"ListItem\",\"position\":1,\"name\":\"Esileht\",\"item\":\"https:\/\/dementsus.ee\/ru\/\"},{\"@type\":\"ListItem\",\"position\":2,\"name\":\"Dementsusega inimene on sama v\u00e4\u00e4rtuslik kui dementsuseta inimene\"}]},{\"@type\":\"WebSite\",\"@id\":\"https:\/\/dementsus.ee\/ru\/#website\",\"url\":\"https:\/\/dementsus.ee\/ru\/\",\"name\":\"Dementsuse Kompetentsikeskus\",\"description\":\"dementsuse info ja abi\",\"publisher\":{\"@id\":\"https:\/\/dementsus.ee\/ru\/#organization\"},\"potentialAction\":[{\"@type\":\"SearchAction\",\"target\":{\"@type\":\"EntryPoint\",\"urlTemplate\":\"https:\/\/dementsus.ee\/ru\/?s={search_term_string}\"},\"query-input\":{\"@type\":\"PropertyValueSpecification\",\"valueRequired\":true,\"valueName\":\"search_term_string\"}}],\"inLanguage\":\"ru-RU\"},{\"@type\":\"Organization\",\"@id\":\"https:\/\/dementsus.ee\/ru\/#organization\",\"name\":\"Dementsuse Kompetentsikeskus\",\"url\":\"https:\/\/dementsus.ee\/ru\/\",\"logo\":{\"@type\":\"ImageObject\",\"inLanguage\":\"ru-RU\",\"@id\":\"https:\/\/dementsus.ee\/ru\/#\/schema\/logo\/image\/\",\"url\":\"https:\/\/dementsus.ee\/wp-content\/uploads\/2023\/07\/ED_logo_kodukale.svg\",\"contentUrl\":\"https:\/\/dementsus.ee\/wp-content\/uploads\/2023\/07\/ED_logo_kodukale.svg\",\"caption\":\"Dementsuse Kompetentsikeskus\"},\"image\":{\"@id\":\"https:\/\/dementsus.ee\/ru\/#\/schema\/logo\/image\/\"}},{\"@type\":\"Person\",\"@id\":\"https:\/\/dementsus.ee\/ru\/#\/schema\/person\/dd93d64f20e6c5add626937f6b5931ed\",\"name\":\"Kermo\",\"image\":{\"@type\":\"ImageObject\",\"inLanguage\":\"ru-RU\",\"@id\":\"https:\/\/dementsus.ee\/ru\/#\/schema\/person\/image\/\",\"url\":\"https:\/\/secure.gravatar.com\/avatar\/b2f0128e9063b66b5c6e595d8f4c39037d52f729089f1ad5afc34656e1d58a64?s=96&d=mm&r=g\",\"contentUrl\":\"https:\/\/secure.gravatar.com\/avatar\/b2f0128e9063b66b5c6e595d8f4c39037d52f729089f1ad5afc34656e1d58a64?s=96&d=mm&r=g\",\"caption\":\"Kermo\"},\"url\":\"https:\/\/dementsus.ee\/ru\/author\/kermo\/\"}]}<\/script>\n<!-- \/ Yoast SEO plugin. -->","yoast_head_json":{"title":"Dementsusega inimene on sama v\u00e4\u00e4rtuslik kui dementsuseta inimene - Dementsuse Kompetentsikeskus","robots":{"index":"index","follow":"follow","max-snippet":"max-snippet:-1","max-image-preview":"max-image-preview:large","max-video-preview":"max-video-preview:-1"},"canonical":"https:\/\/dementsus.ee\/ru\/dementsusega-inimene-on-sama-vaartuslik-kui-dementsuseta-inimene\/","og_locale":"ru_RU","og_type":"article","og_title":"Dementsusega inimene on sama v\u00e4\u00e4rtuslik kui dementsuseta inimene - Dementsuse Kompetentsikeskus","og_description":"Paide Arvamusfestivali dementsuse teemalisel arutelul j\u00f5uti arusaamani, et \u00fchiskonna teadlikkuse t\u00f5stmine ja juba lastele dementsusest avalikult r\u00e4\u00e4kimine v\u00e4hendab dementsusega inimeste ja nende perede h\u00e4bitunnet. &#171;See, et keegi p\u00f5eb dementsust, ei v\u00e4henda tema v\u00e4\u00e4rtust inimesena&#187;, \u00fctles arvamusfestivali tervisealal toimunud paneeldiskussioonil \u201cDementsuss\u00f5bralik keskkond \u2013 milline ja miks \u2013 k\u00f5ik saavad panustada\u201d arutleja Andrus Vaarik.\u00a0 Paneeldiskussiooni avades selgitas [&hellip;]","og_url":"https:\/\/dementsus.ee\/ru\/dementsusega-inimene-on-sama-vaartuslik-kui-dementsuseta-inimene\/","og_site_name":"Dementsuse Kompetentsikeskus","article_published_time":"2019-08-15T12:04:58+00:00","og_image":[{"width":1920,"height":1440,"url":"https:\/\/dementsus.ee\/wp-content\/uploads\/2019\/08\/IMG_1195-2.jpg","type":"image\/jpeg"}],"author":"Kermo","twitter_card":"summary_large_image","twitter_misc":{"\u041d\u0430\u043f\u0438\u0441\u0430\u043d\u043e \u0430\u0432\u0442\u043e\u0440\u043e\u043c":"Kermo","\u041f\u0440\u0438\u043c\u0435\u0440\u043d\u043e\u0435 \u0432\u0440\u0435\u043c\u044f \u0434\u043b\u044f \u0447\u0442\u0435\u043d\u0438\u044f":"5 \u043c\u0438\u043d\u0443\u0442"},"schema":{"@context":"https:\/\/schema.org","@graph":[{"@type":"Article","@id":"https:\/\/dementsus.ee\/ru\/dementsusega-inimene-on-sama-vaartuslik-kui-dementsuseta-inimene\/#article","isPartOf":{"@id":"https:\/\/dementsus.ee\/ru\/dementsusega-inimene-on-sama-vaartuslik-kui-dementsuseta-inimene\/"},"author":{"name":"Kermo","@id":"https:\/\/dementsus.ee\/ru\/#\/schema\/person\/dd93d64f20e6c5add626937f6b5931ed"},"headline":"Dementsusega inimene on sama v\u00e4\u00e4rtuslik kui dementsuseta inimene","datePublished":"2019-08-15T12:04:58+00:00","mainEntityOfPage":{"@id":"https:\/\/dementsus.ee\/ru\/dementsusega-inimene-on-sama-vaartuslik-kui-dementsuseta-inimene\/"},"wordCount":1018,"commentCount":0,"publisher":{"@id":"https:\/\/dementsus.ee\/ru\/#organization"},"image":{"@id":"https:\/\/dementsus.ee\/ru\/dementsusega-inimene-on-sama-vaartuslik-kui-dementsuseta-inimene\/#primaryimage"},"thumbnailUrl":"https:\/\/dementsus.ee\/wp-content\/uploads\/2019\/08\/IMG_1195-2.jpg","articleSection":["M\u00e4\u00e4ratlemata"],"inLanguage":"ru-RU"},{"@type":"WebPage","@id":"https:\/\/dementsus.ee\/ru\/dementsusega-inimene-on-sama-vaartuslik-kui-dementsuseta-inimene\/","url":"https:\/\/dementsus.ee\/ru\/dementsusega-inimene-on-sama-vaartuslik-kui-dementsuseta-inimene\/","name":"Dementsusega inimene on sama v\u00e4\u00e4rtuslik kui dementsuseta inimene - Dementsuse Kompetentsikeskus","isPartOf":{"@id":"https:\/\/dementsus.ee\/ru\/#website"},"primaryImageOfPage":{"@id":"https:\/\/dementsus.ee\/ru\/dementsusega-inimene-on-sama-vaartuslik-kui-dementsuseta-inimene\/#primaryimage"},"image":{"@id":"https:\/\/dementsus.ee\/ru\/dementsusega-inimene-on-sama-vaartuslik-kui-dementsuseta-inimene\/#primaryimage"},"thumbnailUrl":"https:\/\/dementsus.ee\/wp-content\/uploads\/2019\/08\/IMG_1195-2.jpg","datePublished":"2019-08-15T12:04:58+00:00","breadcrumb":{"@id":"https:\/\/dementsus.ee\/ru\/dementsusega-inimene-on-sama-vaartuslik-kui-dementsuseta-inimene\/#breadcrumb"},"inLanguage":"ru-RU","potentialAction":[{"@type":"ReadAction","target":["https:\/\/dementsus.ee\/ru\/dementsusega-inimene-on-sama-vaartuslik-kui-dementsuseta-inimene\/"]}]},{"@type":"ImageObject","inLanguage":"ru-RU","@id":"https:\/\/dementsus.ee\/ru\/dementsusega-inimene-on-sama-vaartuslik-kui-dementsuseta-inimene\/#primaryimage","url":"https:\/\/dementsus.ee\/wp-content\/uploads\/2019\/08\/IMG_1195-2.jpg","contentUrl":"https:\/\/dementsus.ee\/wp-content\/uploads\/2019\/08\/IMG_1195-2.jpg","width":1920,"height":1440},{"@type":"BreadcrumbList","@id":"https:\/\/dementsus.ee\/ru\/dementsusega-inimene-on-sama-vaartuslik-kui-dementsuseta-inimene\/#breadcrumb","itemListElement":[{"@type":"ListItem","position":1,"name":"Esileht","item":"https:\/\/dementsus.ee\/ru\/"},{"@type":"ListItem","position":2,"name":"Dementsusega inimene on sama v\u00e4\u00e4rtuslik kui dementsuseta inimene"}]},{"@type":"WebSite","@id":"https:\/\/dementsus.ee\/ru\/#website","url":"https:\/\/dementsus.ee\/ru\/","name":"Dementsuse Kompetentsikeskus","description":"dementsuse info ja abi","publisher":{"@id":"https:\/\/dementsus.ee\/ru\/#organization"},"potentialAction":[{"@type":"SearchAction","target":{"@type":"EntryPoint","urlTemplate":"https:\/\/dementsus.ee\/ru\/?s={search_term_string}"},"query-input":{"@type":"PropertyValueSpecification","valueRequired":true,"valueName":"search_term_string"}}],"inLanguage":"ru-RU"},{"@type":"Organization","@id":"https:\/\/dementsus.ee\/ru\/#organization","name":"Dementsuse Kompetentsikeskus","url":"https:\/\/dementsus.ee\/ru\/","logo":{"@type":"ImageObject","inLanguage":"ru-RU","@id":"https:\/\/dementsus.ee\/ru\/#\/schema\/logo\/image\/","url":"https:\/\/dementsus.ee\/wp-content\/uploads\/2023\/07\/ED_logo_kodukale.svg","contentUrl":"https:\/\/dementsus.ee\/wp-content\/uploads\/2023\/07\/ED_logo_kodukale.svg","caption":"Dementsuse Kompetentsikeskus"},"image":{"@id":"https:\/\/dementsus.ee\/ru\/#\/schema\/logo\/image\/"}},{"@type":"Person","@id":"https:\/\/dementsus.ee\/ru\/#\/schema\/person\/dd93d64f20e6c5add626937f6b5931ed","name":"Kermo","image":{"@type":"ImageObject","inLanguage":"ru-RU","@id":"https:\/\/dementsus.ee\/ru\/#\/schema\/person\/image\/","url":"https:\/\/secure.gravatar.com\/avatar\/b2f0128e9063b66b5c6e595d8f4c39037d52f729089f1ad5afc34656e1d58a64?s=96&d=mm&r=g","contentUrl":"https:\/\/secure.gravatar.com\/avatar\/b2f0128e9063b66b5c6e595d8f4c39037d52f729089f1ad5afc34656e1d58a64?s=96&d=mm&r=g","caption":"Kermo"},"url":"https:\/\/dementsus.ee\/ru\/author\/kermo\/"}]}},"_links":{"self":[{"href":"https:\/\/dementsus.ee\/ru\/wp-json\/wp\/v2\/posts\/842","targetHints":{"allow":["GET"]}}],"collection":[{"href":"https:\/\/dementsus.ee\/ru\/wp-json\/wp\/v2\/posts"}],"about":[{"href":"https:\/\/dementsus.ee\/ru\/wp-json\/wp\/v2\/types\/post"}],"author":[{"embeddable":true,"href":"https:\/\/dementsus.ee\/ru\/wp-json\/wp\/v2\/users\/2"}],"replies":[{"embeddable":true,"href":"https:\/\/dementsus.ee\/ru\/wp-json\/wp\/v2\/comments?post=842"}],"version-history":[{"count":0,"href":"https:\/\/dementsus.ee\/ru\/wp-json\/wp\/v2\/posts\/842\/revisions"}],"wp:featuredmedia":[{"embeddable":true,"href":"https:\/\/dementsus.ee\/ru\/wp-json\/wp\/v2\/media\/862"}],"wp:attachment":[{"href":"https:\/\/dementsus.ee\/ru\/wp-json\/wp\/v2\/media?parent=842"}],"wp:term":[{"taxonomy":"category","embeddable":true,"href":"https:\/\/dementsus.ee\/ru\/wp-json\/wp\/v2\/categories?post=842"},{"taxonomy":"post_tag","embeddable":true,"href":"https:\/\/dementsus.ee\/ru\/wp-json\/wp\/v2\/tags?post=842"},{"taxonomy":"autor","embeddable":true,"href":"https:\/\/dementsus.ee\/ru\/wp-json\/wp\/v2\/autor?post=842"}],"curies":[{"name":"wp","href":"https:\/\/api.w.org\/{rel}","templated":true}]}}